{"id":5191,"date":"2001-10-26T00:00:00","date_gmt":"2001-10-25T22:00:00","guid":{"rendered":"http:\/\/www.bio-based.eu\/news\/index.php?startid=20011026-04n"},"modified":"2001-10-26T00:00:00","modified_gmt":"2001-10-25T22:00:00","slug":"bundesverband-pflanzenoele-bvp-beunruhigt-eu-kommissionsentwurf-bedroht-biogene-treibstoffe","status":"publish","type":"post","link":"https:\/\/renewable-carbon.eu\/news\/bundesverband-pflanzenoele-bvp-beunruhigt-eu-kommissionsentwurf-bedroht-biogene-treibstoffe\/","title":{"rendered":"Bundesverband Pflanzen\u00f6le (BVP) beunruhigt: EU-Kommissionsentwurf bedroht biogene Treibstoffe"},"content":{"rendered":"<p>Wenn es nach einem Entwurf der EU-Kommission ginge, sind Pflanzen\u00f6ltreibstoffe wie Biodiesel oder naturbelassenes Pflanzen\u00f6l stark gef\u00e4hrdet. In Br\u00fcssel hat man einen Antrag im EU Parlament eingebracht, demnach nachwachsende Treibstoffe ab 2005 mit einem Steuersatz von 50 Prozent der Minal\u00f6lsteuer beaufgeschlagt werden sollen. Obwohl wesentlich umweltvertr\u00e4glicher und ressourcenschonender, w\u00fcrden sich die biogenen Treibstoffe gegen\u00fcber Mineral\u00f6le wesentlich verteuern. <\/p>\n<p>Prof. Ernst Schrimpff vom Bundesverband Pflanzen\u00f6le e.V. warnt: &#8220;Es stehen vielversprechende Entwicklungen, Millioneninvestitionen und damit eine Vielzahl von Arbeitspl\u00e4tzen auf dem Spiel. Die Steuerfreiheit f\u00fcr Pflanzen\u00f6ltreibstoffe ist f\u00fcr die n\u00e4chsten zehn Jahre absolut notwendig, um sie  konkurrenzf\u00e4hig zu erhalten und den entstehenden zukunftsf\u00e4higen Infrastrukturen in der Landwirtschaft, im Gewerbe und in der Motorentechnik eine Weiterentwicklung zu erm\u00f6glichen.&#8221;<\/p>\n<p>Der Entwurf, wonach ab dem Jahr 2005 die Besteuerung europaweit greifen soll, tr\u00e4gt schon allein als Idee zur erheblichen Verunsicherung bei Investoren und Verbraucher bei. Kaum jemand wird in Zukunft noch in die Pflanzen\u00f6ltechnologie investieren, die zur Zeit ihren gesellschaftlichen und technologischen Durchbruch erlebt. Nach Aussage von Schrimpff w\u00e4re die deutsche Landwirtschaft schon in wenigen Jahren in der Lage, ihren eigenen Energiebedarf durch den Anbau vielf\u00e4ltiger, heimischer \u00d6lpflanzen zu decken. Dies hatte \u00fcbrigens die Bundesregierung bewogen ein &#8220;100-Schlepper-Programm&#8221; aufzulegen, in dessen Verlauf Traktoren auf Pflanzen\u00f6lbetrieb bis zur Serienreife umger\u00fcstet werden.<\/p>\n<p>BUNDESVERBAND PFLANZEN\u00d6LE e.V.<br \/>\nc\/o Gesellschaft f\u00fcr nachwachsende Rohstoffe<br \/>\nAnsprechpartner Patric Bies<br \/>\nNauwieser Stra\u00dfe 19<br \/>\n66111 Saarbr\u00fccken<br \/>\nTel.  0681 &#8211; 3907808 oder 0160-95209435<br \/>\nFax: 0681 &#8211; 3907638<br \/>\n<a HREF=\"http:\/\/www.biorohstoff.de\/\" >www.biorohstoff.de<\/a><\/p>\n<p>Weitere Meldungen hierzu unter: <a HREF=\"http:\/\/www.bio-based.eu\/cgi-bin\/mih\/artikel.pl?id=-ID-&#038;artikel=20010619-01.news\">2001-06-19<\/a>, <a HREF=\"http:\/\/www.bio-based.eu\/cgi-bin\/mih\/artikel.pl?id=-ID-&#038;artikel=20010607-02.news\">2001-06-07<\/a>, <a HREF=\"http:\/\/www.bio-based.eu\/cgi-bin\/mih\/artikel.pl?id=-ID-&#038;artikel=20010830-02.news\">2001-08-30<\/a> und <a HREF=\"http:\/\/www.bio-based.eu\/cgi-bin\/mih\/artikel.pl?id=-ID-&#038;artikel=20010917-01.news\">2001-09-17<\/a>.<\/p>\n","protected":false},"excerpt":{"rendered":"<p>Wenn es nach einem Entwurf der EU-Kommission ginge, sind Pflanzen&ouml;ltreibstoffe wie Biodiesel oder naturbelassenes Pflanzen&ouml;l stark gef&auml;hrdet. In Br&uuml;ssel hat man einen Antrag im EU<\/p>\n","protected":false},"author":3,"featured_media":0,"comment_status":"closed","ping_status":"closed","sticky":false,"template":"","format":"standard","meta":{"_seopress_robots_primary_cat":"","nova_meta_subtitle":"","footnotes":""},"categories":[5572],"tags":[],"supplier":[],"class_list":["post-5191","post","type-post","status-publish","format-standard","hentry","category-bio-based"],"_links":{"self":[{"href":"https:\/\/renewable-carbon.eu\/news\/wp-json\/wp\/v2\/posts\/5191","targetHints":{"allow":["GET"]}}],"collection":[{"href":"https:\/\/renewable-carbon.eu\/news\/wp-json\/wp\/v2\/posts"}],"about":[{"href":"https:\/\/renewable-carbon.eu\/news\/wp-json\/wp\/v2\/types\/post"}],"author":[{"embeddable":true,"href":"https:\/\/renewable-carbon.eu\/news\/wp-json\/wp\/v2\/users\/3"}],"replies":[{"embeddable":true,"href":"https:\/\/renewable-carbon.eu\/news\/wp-json\/wp\/v2\/comments?post=5191"}],"version-history":[{"count":0,"href":"https:\/\/renewable-carbon.eu\/news\/wp-json\/wp\/v2\/posts\/5191\/revisions"}],"wp:attachment":[{"href":"https:\/\/renewable-carbon.eu\/news\/wp-json\/wp\/v2\/media?parent=5191"}],"wp:term":[{"taxonomy":"category","embeddable":true,"href":"https:\/\/renewable-carbon.eu\/news\/wp-json\/wp\/v2\/categories?post=5191"},{"taxonomy":"post_tag","embeddable":true,"href":"https:\/\/renewable-carbon.eu\/news\/wp-json\/wp\/v2\/tags?post=5191"},{"taxonomy":"supplier","embeddable":true,"href":"https:\/\/renewable-carbon.eu\/news\/wp-json\/wp\/v2\/supplier?post=5191"}],"curies":[{"name":"wp","href":"https:\/\/api.w.org\/{rel}","templated":true}]}}