{"id":5182,"date":"2001-11-01T00:00:00","date_gmt":"2001-10-31T22:00:00","guid":{"rendered":"http:\/\/www.bio-based.eu\/news\/index.php?startid=20011101-02n"},"modified":"2001-11-01T00:00:00","modified_gmt":"2001-10-31T22:00:00","slug":"beitrag-zur-zukunft-von-naturfasern-bei-fiber-futures-abrufbar","status":"publish","type":"post","link":"https:\/\/renewable-carbon.eu\/news\/beitrag-zur-zukunft-von-naturfasern-bei-fiber-futures-abrufbar\/","title":{"rendered":"Beitrag zur Zukunft von Naturfasern bei Fiber Futures abrufbar"},"content":{"rendered":"<p>Unter dem Titel &#8220;Fiber Futures&#8221; hat die gleichnamige in San Francisco ans\u00e4ssige non-profit Umweltberatungsgruppe einen \u00dcberblicksartikel zur Zukunft von Naturfasern von Einjahrespflanzen (&#8220;non-wood natural fiber&#8221;) ver\u00f6ffentlicht. <\/p>\n<p>Solche Fasern k\u00f6nnen einerseits in Form von Agrar-Sekund\u00e4rrohstoffen (&#8220;agricultural residues&#8221;) bei der Ernte von Getreide oder Reis anfallen. Andererseits k\u00f6nnen hochwertige Fasern durch schnell wachsende Faserpflanzen wie Flachs, Miscanthus, Bambus, Hanf oder Kenaf gewonnen werden. <\/p>\n<p>M\u00f6gliche Anwendungsbereiche f\u00fcr Naturfasern seien Baumaterialien, Textilien und die Papierindustrie. Die qualitativ hochwertigen Fasern der schnell wachsenden Pflanzen k\u00f6nnten dabei grunds\u00e4tzlich in allen drei Bereichen Verwendung finden. Fasern aus Agrar-Sekund\u00e4rrohstoffen k\u00f6nnen dagegen nur in minderwertigen Anwendungen wie im Baubereich (z.B. Faserplatten aus Stroh) eingesetzt werden. <\/p>\n<p>Allerdings sieht die Autorin Jeanne Trombly f\u00fcr die Agrar-Sekund\u00e4rrohstoffe eine sehr sinnvolle Rohstoffquelle f\u00fcr dezentrale Papierm\u00fchlen in den Entwicklungsl\u00e4ndern (vgl. Meldung vom <a HREF=\"http:\/\/www.bio-based.eu\/cgi-bin\/mih\/artikel.pl?id=-ID-&#038;artikel=20011022-01.news\">2001-10-22<\/a>). In diesen L\u00e4ndern soll die Papiernachfrage in den n\u00e4chsten 15 Jahren doppelt so stark steigen wie in den Industriel\u00e4ndern. Bisher werden die Ernteabf\u00e4lle aus Mangel an Verarbeitungskapazit\u00e4ten allerdings mit allen klima-relevanten Folgen noch regelm\u00e4\u00dfig verbrannt. <\/p>\n<p>Der vollst\u00e4ndige <a HREF=\"http:\/\/www.fiberfutures.org\/pages\/Fiber%20Futures%20Article.pdf\" >Beitrag<\/a> steht im PDF-Format zur Verf\u00fcgung.<\/p>\n<p>Autor: Klaus-Martin Meyer (nova)<br \/>\nEndredaktion: Marion Kupfer (nova)<br \/>\nQuelle: <a HREF=\"http:\/\/www.fiberfutures.org\/\" >http:\/\/www.fiberfutures.org<\/a> vom 2001-11-01.<\/p>\n","protected":false},"excerpt":{"rendered":"<p>Unter dem Titel &#8220;Fiber Futures&#8221; hat die gleichnamige in San Francisco ans&auml;ssige non-profit Umweltberatungsgruppe einen &Uuml;berblicksartikel zur Zukunft von Naturfasern von Einjahrespflanzen (&#8220;non-wood natural fiber&#8221;)<\/p>\n","protected":false},"author":3,"featured_media":0,"comment_status":"closed","ping_status":"closed","sticky":false,"template":"","format":"standard","meta":{"_seopress_robots_primary_cat":"","nova_meta_subtitle":"","footnotes":""},"categories":[5572],"tags":[],"supplier":[],"class_list":["post-5182","post","type-post","status-publish","format-standard","hentry","category-bio-based"],"_links":{"self":[{"href":"https:\/\/renewable-carbon.eu\/news\/wp-json\/wp\/v2\/posts\/5182","targetHints":{"allow":["GET"]}}],"collection":[{"href":"https:\/\/renewable-carbon.eu\/news\/wp-json\/wp\/v2\/posts"}],"about":[{"href":"https:\/\/renewable-carbon.eu\/news\/wp-json\/wp\/v2\/types\/post"}],"author":[{"embeddable":true,"href":"https:\/\/renewable-carbon.eu\/news\/wp-json\/wp\/v2\/users\/3"}],"replies":[{"embeddable":true,"href":"https:\/\/renewable-carbon.eu\/news\/wp-json\/wp\/v2\/comments?post=5182"}],"version-history":[{"count":0,"href":"https:\/\/renewable-carbon.eu\/news\/wp-json\/wp\/v2\/posts\/5182\/revisions"}],"wp:attachment":[{"href":"https:\/\/renewable-carbon.eu\/news\/wp-json\/wp\/v2\/media?parent=5182"}],"wp:term":[{"taxonomy":"category","embeddable":true,"href":"https:\/\/renewable-carbon.eu\/news\/wp-json\/wp\/v2\/categories?post=5182"},{"taxonomy":"post_tag","embeddable":true,"href":"https:\/\/renewable-carbon.eu\/news\/wp-json\/wp\/v2\/tags?post=5182"},{"taxonomy":"supplier","embeddable":true,"href":"https:\/\/renewable-carbon.eu\/news\/wp-json\/wp\/v2\/supplier?post=5182"}],"curies":[{"name":"wp","href":"https:\/\/api.w.org\/{rel}","templated":true}]}}