{"id":5166,"date":"2001-11-13T00:00:00","date_gmt":"2001-11-12T22:00:00","guid":{"rendered":"http:\/\/www.bio-based.eu\/news\/index.php?startid=20011113-02n"},"modified":"2001-11-13T00:00:00","modified_gmt":"2001-11-12T22:00:00","slug":"stoffkontor-kranz-ag-auslieferung-der-ersten-brennnessel-hemden-verzoegert-sich","status":"publish","type":"post","link":"https:\/\/renewable-carbon.eu\/news\/stoffkontor-kranz-ag-auslieferung-der-ersten-brennnessel-hemden-verzoegert-sich\/","title":{"rendered":"Stoffkontor Kranz AG: Auslieferung der ersten Brennnessel-Hemden verz\u00f6gert sich"},"content":{"rendered":"<p>Nach Angaben des Vorstandes der <a HREF=\"http:\/\/www.stoffkontor-ag.de\/\" >Stoffkontor Kranz AG<\/a> (Vgl. auch Meldungen vom <a HREF=\"http:\/\/www.bio-based.eu\/cgi-bin\/mih\/artikel.pl?id=-ID-&#038;artikel=20011003-01.news\">2001-10-03<\/a> und <a HREF=\"http:\/\/www.bio-based.eu\/cgi-bin\/mih\/artikel.pl?id=-ID-&#038;artikel=20010623-01.news\">2001-06-23<\/a>) Heinrich Kranz l\u00e4uft die Produktion der ersten Brennessel-Hemden mit einem nochmals verbesserten Verfahren an. Eine gute Faserqualit\u00e4t sei aus der chinesischen Wildnessel ohne Chemie schwer zu gewinnen, aber immerhin m\u00f6glich.<\/p>\n<p>Die Kapazit\u00e4t der hauseigenen Konfektion ist aufgrund starker Vororders f\u00fcr die Fr\u00fchjahr\/Sommer-Kataloge von Naturversendern bis in den Januar 2002 hinein ersch\u00f6pft, so dass erst danach die Hemden konfektioniert werden k\u00f6nnen. Die Hemden aus der ersten Produktionstranche stehen den Aktion\u00e4ren der Gesellschaft bevorzugt zur Verf\u00fcgung. <\/p>\n<p>Die Umsatzentwicklung im Basisgesch\u00e4ft (auch ohne die Brennesselstoffe) sei trotz der allgemein schlechten Rahmenbedingungen ausgezeichnet (ca.+70% gegen\u00fcber dem Vorjahr per 31.10.01). Die beteiligte <a HREF=\"http:\/\/www.naturstoffe.de\/\" >Weberei NaSch<\/a> f\u00e4hrt die Produktion bereits in zwei Schichten zu 100% und ist bis mindestens Ende Januar 2002 voll ausgebucht.<\/p>\n<p>Der Nesselanbau und die Vermehrung f\u00fcr 2001 sind nach Aussagen von Heinrich Kranz mit vorz\u00fcglichem Resultat abgeschlossen.\n<\/p>\n<p>Autor: Klaus-Martin Meyer (nova)<br \/>\nEndredaktion: Marion Kupfer (nova)<br \/>\nQuelle: <a HREF=\"http:\/\/ecoreporter.de\/\" >Ecoreporter<\/a> vom 2001-11-13.<\/p>\n","protected":false},"excerpt":{"rendered":"<p>Nach Angaben des Vorstandes der <a href=\"http:\/\/www.stoffkontor-ag.de\/\" target=\"_blank\">Stoffkontor Kranz AG<\/a> (Vgl. auch Meldungen vom <a href=\"http:\/\/www.bio-based.eu\/cgi-bin\/mih\/artikel.pl?id=-ID-&amp;artikel=20011003-01.news\">2001-10-03<\/a> und <a href=\"http:\/\/www.bio-based.eu\/cgi-bin\/mih\/artikel.pl?id=-ID-&amp;artikel=20010623-01.news\">2001-06-23<\/a>) Heinrich Kranz l&auml;uft die Produktion der<\/p>\n","protected":false},"author":3,"featured_media":0,"comment_status":"closed","ping_status":"closed","sticky":false,"template":"","format":"standard","meta":{"_seopress_robots_primary_cat":"","nova_meta_subtitle":"","footnotes":""},"categories":[5572],"tags":[],"supplier":[],"class_list":["post-5166","post","type-post","status-publish","format-standard","hentry","category-bio-based"],"_links":{"self":[{"href":"https:\/\/renewable-carbon.eu\/news\/wp-json\/wp\/v2\/posts\/5166","targetHints":{"allow":["GET"]}}],"collection":[{"href":"https:\/\/renewable-carbon.eu\/news\/wp-json\/wp\/v2\/posts"}],"about":[{"href":"https:\/\/renewable-carbon.eu\/news\/wp-json\/wp\/v2\/types\/post"}],"author":[{"embeddable":true,"href":"https:\/\/renewable-carbon.eu\/news\/wp-json\/wp\/v2\/users\/3"}],"replies":[{"embeddable":true,"href":"https:\/\/renewable-carbon.eu\/news\/wp-json\/wp\/v2\/comments?post=5166"}],"version-history":[{"count":0,"href":"https:\/\/renewable-carbon.eu\/news\/wp-json\/wp\/v2\/posts\/5166\/revisions"}],"wp:attachment":[{"href":"https:\/\/renewable-carbon.eu\/news\/wp-json\/wp\/v2\/media?parent=5166"}],"wp:term":[{"taxonomy":"category","embeddable":true,"href":"https:\/\/renewable-carbon.eu\/news\/wp-json\/wp\/v2\/categories?post=5166"},{"taxonomy":"post_tag","embeddable":true,"href":"https:\/\/renewable-carbon.eu\/news\/wp-json\/wp\/v2\/tags?post=5166"},{"taxonomy":"supplier","embeddable":true,"href":"https:\/\/renewable-carbon.eu\/news\/wp-json\/wp\/v2\/supplier?post=5166"}],"curies":[{"name":"wp","href":"https:\/\/api.w.org\/{rel}","templated":true}]}}