{"id":5145,"date":"2001-11-28T00:00:00","date_gmt":"2001-11-27T22:00:00","guid":{"rendered":"http:\/\/www.bio-based.eu\/news\/index.php?startid=20011128-02n"},"modified":"2001-11-28T00:00:00","modified_gmt":"2001-11-27T22:00:00","slug":"klosterfarm-eroeffnet-ladengeschaeft","status":"publish","type":"post","link":"https:\/\/renewable-carbon.eu\/news\/klosterfarm-eroeffnet-ladengeschaeft\/","title":{"rendered":"Klosterfarm er\u00f6ffnet Ladengesch\u00e4ft"},"content":{"rendered":"<p>Das Team um Ursula Gebenroth von der Firma <a HREF=\"http:\/\/www.klosterfarm.de\/\" >Klosterfarm<\/a> in Klosterrode l\u00e4dt interessierte Kunden zur Er\u00f6ffnung eines Ladengesch\u00e4ft f\u00fcr Nutzhanfprodukte am 01. Dezember 2001 in Dortmund &#8211; H\u00f6rde (Graudenzer Str. 24 &#8211; M\u00f6belgesch\u00e4ft &#8220;Waldburg&#8221;) ein.<br \/>\nBisher wurden Hanftextilien und -kosmetik nur am Stammsitz und \u00fcber das Internet vertrieben.<\/p>\n<p>Kontakt:<br \/>\nKlosterfarm<br \/>\nKlosterrode 32<br \/>\n06528 Blankenheim<br \/>\nTel.\/Fax: 034659-60314<br \/>\nE-Mail: <a HREF=\"mailto:Klosterfarm@t-online.de\">Klosterfarm@t-online.de<\/a><\/p>\n<p>Autor: Klaus-Martin Meyer (nova)<br \/>\nEndredaktion: Marion Kupfer (nova)<br \/>\nQuelle: E-Mail von Ursala Gebenroth\/Fa. Klosterfarm vom 2001-11-28.<\/p>\n","protected":false},"excerpt":{"rendered":"<p>Das Team um Ursula Gebenroth von der Firma <a href=\"http:\/\/www.klosterfarm.de\/\" target=\"_blank\">Klosterfarm<\/a> in Klosterrode l&auml;dt interessierte Kunden zur Er&ouml;ffnung eines Ladengesch&auml;ft f&uuml;r Nutzhanfprodukte am 01. Dezember<\/p>\n","protected":false},"author":3,"featured_media":0,"comment_status":"closed","ping_status":"closed","sticky":false,"template":"","format":"standard","meta":{"_seopress_robots_primary_cat":"","nova_meta_subtitle":"","footnotes":""},"categories":[5572],"tags":[],"supplier":[],"class_list":["post-5145","post","type-post","status-publish","format-standard","hentry","category-bio-based"],"_links":{"self":[{"href":"https:\/\/renewable-carbon.eu\/news\/wp-json\/wp\/v2\/posts\/5145","targetHints":{"allow":["GET"]}}],"collection":[{"href":"https:\/\/renewable-carbon.eu\/news\/wp-json\/wp\/v2\/posts"}],"about":[{"href":"https:\/\/renewable-carbon.eu\/news\/wp-json\/wp\/v2\/types\/post"}],"author":[{"embeddable":true,"href":"https:\/\/renewable-carbon.eu\/news\/wp-json\/wp\/v2\/users\/3"}],"replies":[{"embeddable":true,"href":"https:\/\/renewable-carbon.eu\/news\/wp-json\/wp\/v2\/comments?post=5145"}],"version-history":[{"count":0,"href":"https:\/\/renewable-carbon.eu\/news\/wp-json\/wp\/v2\/posts\/5145\/revisions"}],"wp:attachment":[{"href":"https:\/\/renewable-carbon.eu\/news\/wp-json\/wp\/v2\/media?parent=5145"}],"wp:term":[{"taxonomy":"category","embeddable":true,"href":"https:\/\/renewable-carbon.eu\/news\/wp-json\/wp\/v2\/categories?post=5145"},{"taxonomy":"post_tag","embeddable":true,"href":"https:\/\/renewable-carbon.eu\/news\/wp-json\/wp\/v2\/tags?post=5145"},{"taxonomy":"supplier","embeddable":true,"href":"https:\/\/renewable-carbon.eu\/news\/wp-json\/wp\/v2\/supplier?post=5145"}],"curies":[{"name":"wp","href":"https:\/\/api.w.org\/{rel}","templated":true}]}}