{"id":5107,"date":"2001-05-22T00:00:00","date_gmt":"2001-05-21T22:00:00","guid":{"rendered":"http:\/\/www.bio-based.eu\/news\/index.php?startid=20010522-04n"},"modified":"2001-05-22T00:00:00","modified_gmt":"2001-05-21T22:00:00","slug":"modellregion-mueritz-expandiert","status":"publish","type":"post","link":"https:\/\/renewable-carbon.eu\/news\/modellregion-mueritz-expandiert\/","title":{"rendered":"Modellregion M\u00fcritz expandiert"},"content":{"rendered":"<p>Das noch junge Koordinierungsb\u00fcro Nachwachsende Rohstoffe in Bollewick (M\u00fcritzkreis), das sich seit M\u00e4rz in der Feldsteinscheune bei der Arbeits- und Ausbildungsinitiative etabliert hat, arbeitet mit berechtigtem Optimismus. F\u00f6rdermittel f\u00fcr zwei Mitarbeiter wurden bereits vom Landwirtschafts- und Arbeitsministerium bewilligt, wenn auch der Kabinettsbeschluss zum Innovationsprogramm noch fehlt. Zielsetzung des ehrgeizigen Projekts sind die Optimierung von Vermarktung und Absatz der verschiedenen Produkte der Region sowie die F\u00f6rderung einzelner Unternehmensprojekte im Bereich Nachwachsende Rohstoffe (vgl. auch Meldung vom <a HREF=\"http:\/\/www.bio-based.eu\/cgi-bin\/mih\/artikel.pl?id=-ID-&#038;artikel=20010412-01.news\">10.-12.04.01<\/a>).<\/p>\n<p>Das Arbeitsfeld umfasse inzwischen das gesamte Gebiet der Mecklenburgischen Seenplatte mit den Kreisen Demmin, M\u00fcritz, Mecklenburg-Strelitz und die Stadt Neubrandenburg, so Jan Hinrich B\u00f6ttcher, der Leiter des Koordinierungsb\u00fcros. &#8220;In unserer l\u00e4ndlichen Region haben viele mit nachwachsenden Rohstoffen zu tun. Wir suchen den Kontakt mit allen Leuten, die mit dem Thema zu tun haben.&#8221; So initiierte bereits eine erste Gespr\u00e4chsrunde den versuchsweisen Anbau von Leindotter, um diesen in einer \u00d6lm\u00fchle in Mecklenburg-Vorpommern weiter zu verarbeiten. <\/p>\n<p>Die Gewinnung alternativer Treib- und Schmierstoffe ist einer von vier Projektschwerpunkten der Koordinierungsstelle. B\u00f6ttchers Traum geht dahin, dass in Zukunft etwa jedes zweite Dorf eine eigene \u00d6lm\u00fchle hat, die als Raps\u00f6l-Tankstation f\u00fcr Traktoren oder andere \u00d6ko-Fahrzeuge Einsatz findet. Als Pilotprojekt ist nun eine Aufbereitungsanlage f\u00fcr Hanf- und Flachsstroh geplant sowie Engagement in den Bereichen Holzheizung und Catering-Geschirr aus Kartoffelst\u00e4rke und Faserpflanzen.<\/p>\n<p>Der studierte Holzwirt untersch\u00e4tzt jedoch auch den wirtschaftlichen Aspekt nicht: &#8220;Bei Projekten nur auf F\u00f6rdermittel zu bauen, funktioniert nicht.&#8221; Die einzelnen Vorhaben m\u00fcssen sich wirtschaftlich tragen, der Idealismus darf nicht zu Blindheit f\u00fchren. Am 30. Mai stellt sich nun das Koordinierungsb\u00fcro bei einem erneuten &#8220;Scheunengespr\u00e4ch&#8221; der breiten \u00d6ffentlichkeit vor. Experten werden dann u.a. zu den Themen Holzheizung, Treib- und Schmierstoffe aus heimischen, landwirtschaftlichen Produkten und Hanf informieren.<\/p>\n<p>Weitere Informationen und Anmeldungen zum &#8220;Scheunengespr\u00e4ch&#8221; bei<br \/>\nKoordinierungsb\u00fcro Nachwachsende Rohstoffe<br \/>\nDr. Jan Hinrich B\u00f6ttcher<br \/>\nTel.: 03 99 31 &#8211; 53 08 20<br \/>\nFax: 03 99 31 &#8211; 53 08 18<br \/>\nE-Mail: <a HREF=\"mailto:jh.boettcher@planet-interkom.de\">jh.boettcher@planet-interkom.de<\/a><br \/>\nInternet: <a HREF=\"http:\/\/www.die-scheune.m-vp.de\/\">www.die-scheune.m-vp.de<\/a><\/p>\n<p>Autorin: Marion kupfer (nova)<br \/>\nEndredaktion: Michael Karus (nova)<br \/>\nQuelle: Nordkurier-Online vom 19.05.2001.<\/p>\n","protected":false},"excerpt":{"rendered":"<p>Das noch junge Koordinierungsb&uuml;ro Nachwachsende Rohstoffe in Bollewick (M&uuml;ritzkreis), das sich seit M&auml;rz in der Feldsteinscheune bei der Arbeits- und Ausbildungsinitiative etabliert hat, arbeitet mit<\/p>\n","protected":false},"author":3,"featured_media":0,"comment_status":"closed","ping_status":"closed","sticky":false,"template":"","format":"standard","meta":{"_seopress_robots_primary_cat":"","nova_meta_subtitle":"","footnotes":""},"categories":[5572],"tags":[],"supplier":[],"class_list":["post-5107","post","type-post","status-publish","format-standard","hentry","category-bio-based"],"_links":{"self":[{"href":"https:\/\/renewable-carbon.eu\/news\/wp-json\/wp\/v2\/posts\/5107","targetHints":{"allow":["GET"]}}],"collection":[{"href":"https:\/\/renewable-carbon.eu\/news\/wp-json\/wp\/v2\/posts"}],"about":[{"href":"https:\/\/renewable-carbon.eu\/news\/wp-json\/wp\/v2\/types\/post"}],"author":[{"embeddable":true,"href":"https:\/\/renewable-carbon.eu\/news\/wp-json\/wp\/v2\/users\/3"}],"replies":[{"embeddable":true,"href":"https:\/\/renewable-carbon.eu\/news\/wp-json\/wp\/v2\/comments?post=5107"}],"version-history":[{"count":0,"href":"https:\/\/renewable-carbon.eu\/news\/wp-json\/wp\/v2\/posts\/5107\/revisions"}],"wp:attachment":[{"href":"https:\/\/renewable-carbon.eu\/news\/wp-json\/wp\/v2\/media?parent=5107"}],"wp:term":[{"taxonomy":"category","embeddable":true,"href":"https:\/\/renewable-carbon.eu\/news\/wp-json\/wp\/v2\/categories?post=5107"},{"taxonomy":"post_tag","embeddable":true,"href":"https:\/\/renewable-carbon.eu\/news\/wp-json\/wp\/v2\/tags?post=5107"},{"taxonomy":"supplier","embeddable":true,"href":"https:\/\/renewable-carbon.eu\/news\/wp-json\/wp\/v2\/supplier?post=5107"}],"curies":[{"name":"wp","href":"https:\/\/api.w.org\/{rel}","templated":true}]}}