{"id":5104,"date":"2001-05-22T00:00:00","date_gmt":"2001-05-21T22:00:00","guid":{"rendered":"http:\/\/www.bio-based.eu\/news\/index.php?startid=20010522-05n"},"modified":"2001-05-22T00:00:00","modified_gmt":"2001-05-21T22:00:00","slug":"rapsoel-als-traktorentreibstoff","status":"publish","type":"post","link":"https:\/\/renewable-carbon.eu\/news\/rapsoel-als-traktorentreibstoff\/","title":{"rendered":"Raps\u00f6l als Traktorentreibstoff"},"content":{"rendered":"<p>Ein Demonstrationsvorhaben des Bundesverbraucherministeriums wird nun wissenschaftlich erproben, ob der Einsatz von Raps\u00f6l als Traktorenkraftstoff auf Dauer machbar und sinnvoll ist. Insgesamt bis zu 4,5 Mio. Mark stehen daf\u00fcr zur Verf\u00fcgung, in einem vom Institut f\u00fcr Energie- und Umwelttechnik der Universit\u00e4t Rostock wissenschaftlich auszuwertenden Praxisversuch zu belegen, ob eine k\u00fcnftige Breitenf\u00f6rderung f\u00fcr die Umr\u00fcstung landwirtschaftlicher Fahrzeuge auf unveresterten Pflanzen\u00f6ltreibstoff im Rahmen des &#8220;Markteinf\u00fchrungsprogramms biogene Treib- und Schmierstoffe&#8221; in Frage kommt (vgl. auch Meldungen vom <a HREF=\"http:\/\/www.bio-based.eu\/cgi-bin\/mih\/artikel.pl?id=-ID-&#038;artikel=20001129-01.news\">29.11.00<\/a> und <a HREF=\"http:\/\/www.bio-based.eu\/cgi-bin\/mih\/artikel.pl?id=-ID-&#038;artikel=20010103-01.news\">03.01.01<\/a>).<\/p>\n<p>Zahlreiche umr\u00fcstungswillige Hersteller, H\u00e4ndler, und Landmaschinenmechaniker sind dem F\u00f6rderungsaufruf gefolgt, die ersten Antr\u00e4ge bewilligt. Nun beginnen die Firmen Vereinigte Werkst\u00e4tten f\u00fcr Pflanzen\u00f6ltechnologie in Allersberg, Siegfried Hausmann in W\u00fclfershausen und die Max Stangl Landtechnik in Moos Langenisarhofen mit der Umr\u00fcstung, insbesondere f\u00fcr Landwirte. <\/p>\n<p>82 Traktorenmodelle der Marken Deutz, Claas, Fendt, Case, New Holland und John Deere werden w\u00e4hrend der n\u00e4chsten drei Jahre ausschlie\u00dflich mit kaltgepresstem Raps\u00f6l betrieben, daf\u00fcr erhalten die Betreiber die H\u00e4lfte der Umr\u00fcstungskosten sowie eine Erstattung der Kosten f\u00fcr die Einrichtung einer Eigenverbrauchstankstelle. Zus\u00e4tzlich sieht das Experiment vor, dass die Teilnehmer Buch f\u00fchren und ihre Maschinen zeitweilig f\u00fcr die wissenschaftliche Begleitforschung zur Verf\u00fcgung halten.<\/p>\n<p>Autorin: Marion Kupfer (nova)<br \/>\nEndredaktion: Michael Karus (nova)<br \/>\nQuelle: BMVEL &#8211; Informationen Nr. 20, 14. Mai 2001.<\/p>\n","protected":false},"excerpt":{"rendered":"<p>Ein Demonstrationsvorhaben des Bundesverbraucherministeriums wird nun wissenschaftlich erproben, ob der Einsatz von Raps&ouml;l als Traktorenkraftstoff auf Dauer machbar und sinnvoll ist. Insgesamt bis zu 4,5<\/p>\n","protected":false},"author":3,"featured_media":0,"comment_status":"closed","ping_status":"closed","sticky":false,"template":"","format":"standard","meta":{"_seopress_robots_primary_cat":"","nova_meta_subtitle":"","footnotes":""},"categories":[5572],"tags":[],"supplier":[],"class_list":["post-5104","post","type-post","status-publish","format-standard","hentry","category-bio-based"],"_links":{"self":[{"href":"https:\/\/renewable-carbon.eu\/news\/wp-json\/wp\/v2\/posts\/5104","targetHints":{"allow":["GET"]}}],"collection":[{"href":"https:\/\/renewable-carbon.eu\/news\/wp-json\/wp\/v2\/posts"}],"about":[{"href":"https:\/\/renewable-carbon.eu\/news\/wp-json\/wp\/v2\/types\/post"}],"author":[{"embeddable":true,"href":"https:\/\/renewable-carbon.eu\/news\/wp-json\/wp\/v2\/users\/3"}],"replies":[{"embeddable":true,"href":"https:\/\/renewable-carbon.eu\/news\/wp-json\/wp\/v2\/comments?post=5104"}],"version-history":[{"count":0,"href":"https:\/\/renewable-carbon.eu\/news\/wp-json\/wp\/v2\/posts\/5104\/revisions"}],"wp:attachment":[{"href":"https:\/\/renewable-carbon.eu\/news\/wp-json\/wp\/v2\/media?parent=5104"}],"wp:term":[{"taxonomy":"category","embeddable":true,"href":"https:\/\/renewable-carbon.eu\/news\/wp-json\/wp\/v2\/categories?post=5104"},{"taxonomy":"post_tag","embeddable":true,"href":"https:\/\/renewable-carbon.eu\/news\/wp-json\/wp\/v2\/tags?post=5104"},{"taxonomy":"supplier","embeddable":true,"href":"https:\/\/renewable-carbon.eu\/news\/wp-json\/wp\/v2\/supplier?post=5104"}],"curies":[{"name":"wp","href":"https:\/\/api.w.org\/{rel}","templated":true}]}}