{"id":5078,"date":"2001-07-01T00:00:00","date_gmt":"2001-06-30T22:00:00","guid":{"rendered":"http:\/\/www.bio-based.eu\/news\/index.php?startid=20010701-02n"},"modified":"2001-07-01T00:00:00","modified_gmt":"2001-06-30T22:00:00","slug":"rueckgang-der-wollproduktion-steigende-wollpreise","status":"publish","type":"post","link":"https:\/\/renewable-carbon.eu\/news\/rueckgang-der-wollproduktion-steigende-wollpreise\/","title":{"rendered":"R\u00fcckgang der Wollproduktion \/ steigende Wollpreise"},"content":{"rendered":"<p>Im Bereich der Wollproduktion konnte ein deutlicher R\u00fcckgang festgestellt werden. Die australischen Farmer haben die Best\u00e4nde ihrer Schafe um fast 30 % verringert, die Neuseel\u00e4nder um fast 40% und Uruguay, Argentinien und S\u00fcdafrika sogar um 50%. Durch den  R\u00fcckgang der Wollproduktion in Australien, Neuseeland, S\u00fcdafrika, Uruguay und Argentinien konnte ein weltweites Anziehen der Rohwollpreise beobachtet werden. Mit einer  Erh\u00f6hung der Wollproduktion ist in naher Zukunft nicht zu rechnen. Aus diesem Grund erwartet der Handel auch keine wesentlichen Preisr\u00fcckg\u00e4nge. <\/p>\n<p>Autor: J\u00f6rg M\u00fcssig (FIBRE)<br \/>\nEndredaktion: Marion Kupfer (nova)<br \/>\nQuelle: Melliand Textilberichte 6\/2001, Juni, S. 444.<\/p>\n","protected":false},"excerpt":{"rendered":"<p>Im Bereich der Wollproduktion konnte ein deutlicher R&uuml;ckgang festgestellt werden. Die australischen Farmer haben die Best&auml;nde ihrer Schafe um fast 30 % verringert, die Neuseel&auml;nder<\/p>\n","protected":false},"author":3,"featured_media":0,"comment_status":"closed","ping_status":"closed","sticky":false,"template":"","format":"standard","meta":{"_seopress_robots_primary_cat":"","nova_meta_subtitle":"","footnotes":""},"categories":[5572],"tags":[],"supplier":[],"class_list":["post-5078","post","type-post","status-publish","format-standard","hentry","category-bio-based"],"_links":{"self":[{"href":"https:\/\/renewable-carbon.eu\/news\/wp-json\/wp\/v2\/posts\/5078","targetHints":{"allow":["GET"]}}],"collection":[{"href":"https:\/\/renewable-carbon.eu\/news\/wp-json\/wp\/v2\/posts"}],"about":[{"href":"https:\/\/renewable-carbon.eu\/news\/wp-json\/wp\/v2\/types\/post"}],"author":[{"embeddable":true,"href":"https:\/\/renewable-carbon.eu\/news\/wp-json\/wp\/v2\/users\/3"}],"replies":[{"embeddable":true,"href":"https:\/\/renewable-carbon.eu\/news\/wp-json\/wp\/v2\/comments?post=5078"}],"version-history":[{"count":0,"href":"https:\/\/renewable-carbon.eu\/news\/wp-json\/wp\/v2\/posts\/5078\/revisions"}],"wp:attachment":[{"href":"https:\/\/renewable-carbon.eu\/news\/wp-json\/wp\/v2\/media?parent=5078"}],"wp:term":[{"taxonomy":"category","embeddable":true,"href":"https:\/\/renewable-carbon.eu\/news\/wp-json\/wp\/v2\/categories?post=5078"},{"taxonomy":"post_tag","embeddable":true,"href":"https:\/\/renewable-carbon.eu\/news\/wp-json\/wp\/v2\/tags?post=5078"},{"taxonomy":"supplier","embeddable":true,"href":"https:\/\/renewable-carbon.eu\/news\/wp-json\/wp\/v2\/supplier?post=5078"}],"curies":[{"name":"wp","href":"https:\/\/api.w.org\/{rel}","templated":true}]}}