{"id":5039,"date":"2001-09-05T00:00:00","date_gmt":"2001-09-04T22:00:00","guid":{"rendered":"http:\/\/www.bio-based.eu\/news\/index.php?startid=20010905-04n"},"modified":"2001-09-05T00:00:00","modified_gmt":"2001-09-04T22:00:00","slug":"flachs-im-modernen-auto","status":"publish","type":"post","link":"https:\/\/renewable-carbon.eu\/news\/flachs-im-modernen-auto\/","title":{"rendered":"Flachs im modernen Auto"},"content":{"rendered":"<p>Erfurt.  Dem nagelneuen Audi A 2 in der Erfurter Messehalle sieht \u00e4u\u00dferlich niemand an, was sich hinter den T\u00fcren und im Innenraum verbirgt. Der Ingolst\u00e4dter Autohersteller verarbeitet schon seit langem Naturstoffe in seinen modernen Fahrzeugen. Pflanzenfasern wie Flachs und Jute finden sich in den Verbundstoffen f\u00fcr Innenverkleidungen der T\u00fcren, Konsolen oder Kofferraumauskleidungen. Umfangreiche Studien ergaben, dass die Naturfaserstoffe hinsichtlich des Energieeinsatzes \u00f6kologisch vorteilhafter sind als traditionelle Kunststoffe. F\u00fcr den A 2 wurde deshalb sogar ein vollkommen neues T\u00fcrenkonzept entwickelt. Der Einsatz dieser Naturfasern mache sich sogar bei Crashtests positiv bemerkbar: Bei einem seitlichen Auffahrunfall, so ein Audi-Sprecher, entst\u00fcnden weniger scharfkantige Bruchst\u00fccke, die zu Verletzungen f\u00fchren k\u00f6nnen. Dar\u00fcber hinaus setzt Audi Lederpolster ein, die mit einem umweltfreundlichen Gerbstoff, gewonnen aus einer heimischen Rhabarberart, behandelt sind. Der neuartige Gerbstoff wurde von einem Unternehmen in Bernburg in Sachsen-Anhalt entwickelt. Mit Holzfasern verst\u00e4rkte Kunststoffe f\u00fcr Lenkr\u00e4der, Schaltkn\u00fcppel oder das Armaturenbrett sind weitere Einsatzfelder f\u00fcr Nachwachsende Rohstoffe.<\/p>\n<p>Neben dem auf der naro.tech vorgestellten A 2 demonstrieren zahlreiche namhafte Zulieferfirmen f\u00fcr die Autoindustrie ihre Produkte aus Nachwachsenden Rohstoffen. Teile f\u00fcr PKW-Innenaussattungen stellt die Lear Coporation vor. Die SAI Automotive SAL GmbH pr\u00e4sentiert Nadelfliese auf Cellulosebasis. <\/p>\n<p>Der Einsatz von Biodiesel oder das 3-Liter-Auto sind weitere Themen aus dem Bereich der Nachwachsenden Rohstoffe, denen sich die Automobilindustrie auf der naro.tech stellt. <\/p>\n<p>Weitere Informationen sind im Internet unter <a HREF=\"http:\/\/www.narotech.de\/\">www.narotech.de<\/a> abrufbar.<\/p>\n<p>Quelle: Pressemitteilung Messe Erfurt AG vom 5. September 2001.<\/p>\n","protected":false},"excerpt":{"rendered":"<p>Erfurt.  Dem nagelneuen Audi A 2 in der Erfurter Messehalle sieht &auml;u&szlig;erlich niemand an, was sich hinter den T&uuml;ren und im Innenraum verbirgt. Der<\/p>\n","protected":false},"author":3,"featured_media":0,"comment_status":"closed","ping_status":"closed","sticky":false,"template":"","format":"standard","meta":{"_seopress_robots_primary_cat":"","nova_meta_subtitle":"","footnotes":""},"categories":[5572],"tags":[],"supplier":[],"class_list":["post-5039","post","type-post","status-publish","format-standard","hentry","category-bio-based"],"_links":{"self":[{"href":"https:\/\/renewable-carbon.eu\/news\/wp-json\/wp\/v2\/posts\/5039","targetHints":{"allow":["GET"]}}],"collection":[{"href":"https:\/\/renewable-carbon.eu\/news\/wp-json\/wp\/v2\/posts"}],"about":[{"href":"https:\/\/renewable-carbon.eu\/news\/wp-json\/wp\/v2\/types\/post"}],"author":[{"embeddable":true,"href":"https:\/\/renewable-carbon.eu\/news\/wp-json\/wp\/v2\/users\/3"}],"replies":[{"embeddable":true,"href":"https:\/\/renewable-carbon.eu\/news\/wp-json\/wp\/v2\/comments?post=5039"}],"version-history":[{"count":0,"href":"https:\/\/renewable-carbon.eu\/news\/wp-json\/wp\/v2\/posts\/5039\/revisions"}],"wp:attachment":[{"href":"https:\/\/renewable-carbon.eu\/news\/wp-json\/wp\/v2\/media?parent=5039"}],"wp:term":[{"taxonomy":"category","embeddable":true,"href":"https:\/\/renewable-carbon.eu\/news\/wp-json\/wp\/v2\/categories?post=5039"},{"taxonomy":"post_tag","embeddable":true,"href":"https:\/\/renewable-carbon.eu\/news\/wp-json\/wp\/v2\/tags?post=5039"},{"taxonomy":"supplier","embeddable":true,"href":"https:\/\/renewable-carbon.eu\/news\/wp-json\/wp\/v2\/supplier?post=5039"}],"curies":[{"name":"wp","href":"https:\/\/api.w.org\/{rel}","templated":true}]}}