{"id":5037,"date":"2001-09-05T00:00:00","date_gmt":"2001-09-04T22:00:00","guid":{"rendered":"http:\/\/www.bio-based.eu\/news\/index.php?startid=20010905-06n"},"modified":"2001-09-05T00:00:00","modified_gmt":"2001-09-04T22:00:00","slug":"ein-waeschesack-der-mehr-kann","status":"publish","type":"post","link":"https:\/\/renewable-carbon.eu\/news\/ein-waeschesack-der-mehr-kann\/","title":{"rendered":"Ein W\u00e4schesack, der mehr kann"},"content":{"rendered":"<p>Erfurt. W\u00e4sches\u00e4cke k\u00f6nnen jetzt weit mehr als nur eine grosse Anzahl von W\u00e4schest\u00fccken aufzunehmen. Sicher noch nicht alle, aber auf jeden Fall die der Firma Doxa GmbH, Kunststoffverarbeitung und Produktentwicklung, aus Wiehe, die auf der Fachmesse &#8220;naro.tech&#8221; am 5. Und 6. September in Erfurt ausgestellt sind. Diese Wasches\u00e4cke bestehen aus einem l\u00e4ngsvernetzten Eiwei\u00dftensidpolymer auf Basis von Milcheiwei\u00df. Beim Waschvorgang l\u00f6sen sich die Tenside im Wasser auf und wirken \u00e4hnlich einem Fein- oder Wollwaschmittel. F\u00fcr Bunt- und Wei\u00dfw\u00e4sche m\u00fcssen nur noch Fleckensalze zugesetzt werden.<\/p>\n<p>Effekte, die von besonderem Vorteil bei kontaminierten W\u00e4sches\u00e4cken, wie sie in Krankenh\u00e4usern oder im Hotelgewerbe anfallen. Die Sortierung der W\u00e4sche erfolgt sozusagen &#8220;im Waschmittel&#8221;. Das bedeutet zugleich einen hermetischen Verschluss bei der Anlieferung in der W\u00e4scherei.<\/p>\n<p>Die W\u00e4sche erh\u00e4lt eine leichte Appretur, was sich positiv f\u00fcr den B\u00fcgeleffekt auswirkt. Farbige W\u00e4sche beh\u00e4lt den Farbton und die Leuchtkraft wird verst\u00e4rkt. Beim Waschvorgang wird durch das Eiwei\u00dftensid langsam und kontinuierlich  Peroxid freigesetzt und verbraucht. Dadurch wird mit geringerer Dosierung sauberer und schonender gewaschen. Die W\u00e4sche erh\u00e4lt au\u00dferdem einen besseren Weicheffekt. Im Waschmittel enthaltene Parf\u00fcmole ziehen auf die Wasche auf und kommen nicht in die Waschlauge.<\/p>\n<p>Weitere Informationen sind im Internet unter <a HREF=\"http:\/\/www.narotech.de\/\">www.narotech.de<\/a> abrufbar.<\/p>\n<p>Quelle: Pressemitteilung Messe Erfurt AG vom 5. September 2001.<\/p>\n","protected":false},"excerpt":{"rendered":"<p>Erfurt. W&auml;sches&auml;cke k&ouml;nnen jetzt weit mehr als nur eine grosse Anzahl von W&auml;schest&uuml;cken aufzunehmen. Sicher noch nicht alle, aber auf jeden Fall die der Firma<\/p>\n","protected":false},"author":3,"featured_media":0,"comment_status":"closed","ping_status":"closed","sticky":false,"template":"","format":"standard","meta":{"_seopress_robots_primary_cat":"","nova_meta_subtitle":"","footnotes":""},"categories":[5572],"tags":[],"supplier":[],"class_list":["post-5037","post","type-post","status-publish","format-standard","hentry","category-bio-based"],"_links":{"self":[{"href":"https:\/\/renewable-carbon.eu\/news\/wp-json\/wp\/v2\/posts\/5037","targetHints":{"allow":["GET"]}}],"collection":[{"href":"https:\/\/renewable-carbon.eu\/news\/wp-json\/wp\/v2\/posts"}],"about":[{"href":"https:\/\/renewable-carbon.eu\/news\/wp-json\/wp\/v2\/types\/post"}],"author":[{"embeddable":true,"href":"https:\/\/renewable-carbon.eu\/news\/wp-json\/wp\/v2\/users\/3"}],"replies":[{"embeddable":true,"href":"https:\/\/renewable-carbon.eu\/news\/wp-json\/wp\/v2\/comments?post=5037"}],"version-history":[{"count":0,"href":"https:\/\/renewable-carbon.eu\/news\/wp-json\/wp\/v2\/posts\/5037\/revisions"}],"wp:attachment":[{"href":"https:\/\/renewable-carbon.eu\/news\/wp-json\/wp\/v2\/media?parent=5037"}],"wp:term":[{"taxonomy":"category","embeddable":true,"href":"https:\/\/renewable-carbon.eu\/news\/wp-json\/wp\/v2\/categories?post=5037"},{"taxonomy":"post_tag","embeddable":true,"href":"https:\/\/renewable-carbon.eu\/news\/wp-json\/wp\/v2\/tags?post=5037"},{"taxonomy":"supplier","embeddable":true,"href":"https:\/\/renewable-carbon.eu\/news\/wp-json\/wp\/v2\/supplier?post=5037"}],"curies":[{"name":"wp","href":"https:\/\/api.w.org\/{rel}","templated":true}]}}