{"id":5009,"date":"2001-10-09T00:00:00","date_gmt":"2001-10-08T22:00:00","guid":{"rendered":"http:\/\/www.bio-based.eu\/news\/index.php?startid=20011009-04n"},"modified":"2001-10-09T00:00:00","modified_gmt":"2001-10-08T22:00:00","slug":"bioverpackungen-aus-kasseler-projekt-kommen-bei-verbrauchern-gut-an","status":"publish","type":"post","link":"https:\/\/renewable-carbon.eu\/news\/bioverpackungen-aus-kasseler-projekt-kommen-bei-verbrauchern-gut-an\/","title":{"rendered":"Bioverpackungen aus Kasseler Projekt kommen bei Verbrauchern gut an"},"content":{"rendered":"<p>Anf\u00e4ngliche Bef\u00fcrchtungen hinsichtlich der Verbraucherakzeptanz f\u00fcr die im Kasseler &#8220;Modellprojekt f\u00fcr kompostierbare Verpackungen&#8221; auf Kartoffel- oder Maisst\u00e4rkebasis scheinen nun hinl\u00e4nglich zerschlagen (vgl. auch Meldungen vom <a HREF=\"http:\/\/www.bio-based.eu\/cgi-bin\/mih\/artikel.pl?id=-ID-&#038;artikel=20010514-02.news\">14.05.01<\/a> und <a HREF=\"http:\/\/www.bio-based.eu\/cgi-bin\/mih\/artikel.pl?id=-ID-&#038;artikel=20010201-01.news\">01.02.01<\/a>) Nach der bisherigen Laufzeit von f\u00fcnf Monaten sind die neuen Produkte aus den nachwachsenden Rohstoffen wie T\u00fcten, Tragetaschen oder Joghurtbecher bei 61 Prozent der Verbraucher gut eingef\u00fchrt und akzeptiert. Laut Marktforschungs-Institut factx (K\u00f6ln) bewerten 80 Prozent der Kasseler B\u00fcrger, die die Produkte schon gekauft haben, die Qualit\u00e4t als gut bis sehr gut und 87 Prozent w\u00fcrden auch dabei bleiben.<\/p>\n<p>Diese Zwischenbilanz des vom Bundes-Verbraucherschutzministerium, der Fachagentur Nachwachsende Rohstoffe und mehr als 30 Unternehmen finanzierten Gro\u00dfprojektes stimmt optimistisch, zumal ein Drittel der Verbraucher bereit scheint, f\u00fcr die umweltfreundliche Verpackung auch einen Aufpreis in Kauf zu nehmen. Dem seit Mai 2001 angelaufenen Projekt sind 80 Unternehmen wie z.B. Edeka, REWE, tegut und dm drogeriemarkt angeschlossen und man registriert eine allgemein hohe Nachfrage seitens der Verbraucher, wenn es gegen\u00fcber herk\u00f6mmlichen Verpackungen keine Aufpreise gibt.<\/p>\n<p>Autorin: Marion Kupfer (nova)<br \/>\nEndredaktion: Michael Karus (nova)<br \/>\nQuelle: <a HREF=\"http:\/\/www.f-r.de\/fr\/spezial\/regionale\/\">Frankfurter Rundschau online<\/a> vom 09. Oktober 2001.<\/p>\n","protected":false},"excerpt":{"rendered":"<p>Anf&auml;ngliche Bef&uuml;rchtungen hinsichtlich der Verbraucherakzeptanz f&uuml;r die im Kasseler &#8220;Modellprojekt f&uuml;r kompostierbare Verpackungen&#8221; auf Kartoffel- oder Maisst&auml;rkebasis scheinen nun hinl&auml;nglich zerschlagen (vgl. auch Meldungen vom<\/p>\n","protected":false},"author":3,"featured_media":0,"comment_status":"closed","ping_status":"closed","sticky":false,"template":"","format":"standard","meta":{"_seopress_robots_primary_cat":"","nova_meta_subtitle":"","footnotes":""},"categories":[5572],"tags":[],"supplier":[],"class_list":["post-5009","post","type-post","status-publish","format-standard","hentry","category-bio-based"],"_links":{"self":[{"href":"https:\/\/renewable-carbon.eu\/news\/wp-json\/wp\/v2\/posts\/5009","targetHints":{"allow":["GET"]}}],"collection":[{"href":"https:\/\/renewable-carbon.eu\/news\/wp-json\/wp\/v2\/posts"}],"about":[{"href":"https:\/\/renewable-carbon.eu\/news\/wp-json\/wp\/v2\/types\/post"}],"author":[{"embeddable":true,"href":"https:\/\/renewable-carbon.eu\/news\/wp-json\/wp\/v2\/users\/3"}],"replies":[{"embeddable":true,"href":"https:\/\/renewable-carbon.eu\/news\/wp-json\/wp\/v2\/comments?post=5009"}],"version-history":[{"count":0,"href":"https:\/\/renewable-carbon.eu\/news\/wp-json\/wp\/v2\/posts\/5009\/revisions"}],"wp:attachment":[{"href":"https:\/\/renewable-carbon.eu\/news\/wp-json\/wp\/v2\/media?parent=5009"}],"wp:term":[{"taxonomy":"category","embeddable":true,"href":"https:\/\/renewable-carbon.eu\/news\/wp-json\/wp\/v2\/categories?post=5009"},{"taxonomy":"post_tag","embeddable":true,"href":"https:\/\/renewable-carbon.eu\/news\/wp-json\/wp\/v2\/tags?post=5009"},{"taxonomy":"supplier","embeddable":true,"href":"https:\/\/renewable-carbon.eu\/news\/wp-json\/wp\/v2\/supplier?post=5009"}],"curies":[{"name":"wp","href":"https:\/\/api.w.org\/{rel}","templated":true}]}}