{"id":4955,"date":"2001-04-01T00:00:00","date_gmt":"2001-03-31T22:00:00","guid":{"rendered":"http:\/\/www.bio-based.eu\/news\/index.php?startid=20010401-02n"},"modified":"2001-04-01T00:00:00","modified_gmt":"2001-03-31T22:00:00","slug":"hanfbuero-nach-wiedenbrueck-verlegt","status":"publish","type":"post","link":"https:\/\/renewable-carbon.eu\/news\/hanfbuero-nach-wiedenbrueck-verlegt\/","title":{"rendered":"Hanfb\u00fcro nach Wiedenbr\u00fcck verlegt"},"content":{"rendered":"<p>Das Hanfb\u00fcro der Kreisstelle G\u00fctersloh (Landwirtschaftskammer Westfalen-Lippe) ist umgezogen. Seit dem 15. M\u00e4rz findet man das B\u00fcro der Vereins- und Erzeugergemeinschaft (Verein zur F\u00f6rderung des Anbaus und der Verwertung von Hanf) in Wiedenbr\u00fcck. Auch im Management ergaben sich \u00c4nderungen. Daike Lohmeyer, die bis Ende 2000 auch beim nova-Institut H\u00fcrth als langj\u00e4hrige Agrarexpertin t\u00e4tig war, trat ihre bisherige Stellung als Gesch\u00e4ftsf\u00fchrerin an Andrea Kiehl ab.<\/p>\n<p>Noch in diesem Jahr sollen um die Faseraufschluss-Anlage in Kalletal (Lippe) 400 Hektar Hanf angebaut werden. Aktuelle Informationen wie Vertragsbedingungen und Aussaatbezug f\u00fcr Landwirte, die sich f\u00fcr den diesj\u00e4hrigen Hanfanbau interessieren, gibt es nun bei:<\/p>\n<p>Andrea Kiehl<br \/>\nVerein zur F\u00f6rderung des Anbaus und der<br \/>\nVerwertung von Hanf,<br \/>\nKreisstelle G\u00fctersloh<br \/>\nBielefelder Str. 47<br \/>\n33378 Rheda-Wiedenbr\u00fcck<br \/>\nTel.: 05242-92 58 14<br \/>\nFax: 05242-92 58 33<\/p>\n<p>Autorin: Marion Kupfer (nova)<br \/>\nEndredaktion: Michael Karus (nova)<br \/>\nQuelle: Unabh\u00e4ngige Bauernstimme, April 2001.<\/p>\n","protected":false},"excerpt":{"rendered":"<p>Das Hanfb&uuml;ro der Kreisstelle G&uuml;tersloh (Landwirtschaftskammer Westfalen-Lippe) ist umgezogen. Seit dem 15. M&auml;rz findet man das B&uuml;ro der Vereins- und Erzeugergemeinschaft (Verein zur F&ouml;rderung des<\/p>\n","protected":false},"author":3,"featured_media":0,"comment_status":"closed","ping_status":"closed","sticky":false,"template":"","format":"standard","meta":{"_seopress_robots_primary_cat":"","nova_meta_subtitle":"","footnotes":""},"categories":[5572],"tags":[],"supplier":[],"class_list":["post-4955","post","type-post","status-publish","format-standard","hentry","category-bio-based"],"_links":{"self":[{"href":"https:\/\/renewable-carbon.eu\/news\/wp-json\/wp\/v2\/posts\/4955","targetHints":{"allow":["GET"]}}],"collection":[{"href":"https:\/\/renewable-carbon.eu\/news\/wp-json\/wp\/v2\/posts"}],"about":[{"href":"https:\/\/renewable-carbon.eu\/news\/wp-json\/wp\/v2\/types\/post"}],"author":[{"embeddable":true,"href":"https:\/\/renewable-carbon.eu\/news\/wp-json\/wp\/v2\/users\/3"}],"replies":[{"embeddable":true,"href":"https:\/\/renewable-carbon.eu\/news\/wp-json\/wp\/v2\/comments?post=4955"}],"version-history":[{"count":0,"href":"https:\/\/renewable-carbon.eu\/news\/wp-json\/wp\/v2\/posts\/4955\/revisions"}],"wp:attachment":[{"href":"https:\/\/renewable-carbon.eu\/news\/wp-json\/wp\/v2\/media?parent=4955"}],"wp:term":[{"taxonomy":"category","embeddable":true,"href":"https:\/\/renewable-carbon.eu\/news\/wp-json\/wp\/v2\/categories?post=4955"},{"taxonomy":"post_tag","embeddable":true,"href":"https:\/\/renewable-carbon.eu\/news\/wp-json\/wp\/v2\/tags?post=4955"},{"taxonomy":"supplier","embeddable":true,"href":"https:\/\/renewable-carbon.eu\/news\/wp-json\/wp\/v2\/supplier?post=4955"}],"curies":[{"name":"wp","href":"https:\/\/api.w.org\/{rel}","templated":true}]}}