{"id":4947,"date":"2001-04-10T00:00:00","date_gmt":"2001-04-09T22:00:00","guid":{"rendered":"http:\/\/www.bio-based.eu\/news\/index.php?startid=20010412-01n"},"modified":"2001-04-10T00:00:00","modified_gmt":"2001-04-09T22:00:00","slug":"koordinierungsbuero-fuer-nachwachsende-rohstoffe","status":"publish","type":"post","link":"https:\/\/renewable-carbon.eu\/news\/koordinierungsbuero-fuer-nachwachsende-rohstoffe\/","title":{"rendered":"Koordinierungsb\u00fcro f\u00fcr nachwachsende Rohstoffe"},"content":{"rendered":"<p>Deutschlands gr\u00f6\u00dfte Feldsteinscheune steht in Bollewick an der M\u00fcritz und beherbergt nicht nur die Arbeits- und Ausbildungsinitiative R\u00f6bel (BAB), sondern seit M\u00e4rz diesen Jahres auch ein &#8220;Koordinierungsb\u00fcro f\u00fcr nachwachsende Rohstoffe&#8221;. Der B\u00fcroleiter Jan Hinrich B\u00f6ttcher, der sich seit ca. zwanzig Jahren mit nachwachsenden Rohstoffen besch\u00e4ftigt, plant hier eine Modellregion, in der &#8220;&#8230; alle Institutionen, die Erfahrungen mit nachwachsenden Rohstoffen haben, zusammengefasst werden&#8221; sollen.<\/p>\n<p>&#8220;Anbau und Erzeugung sind relativ unproblematisch&#8221;, erl\u00e4utert B\u00f6ttcher die Bereitschaft der regionalen Landwirte zum Anbau von Faserpflanzen wie Hanf oder Leinen. F\u00fcr den Bereich Verarbeitung und Vermarktung ist eine Pilotanlage zum Aufschluss von Hanfstroh geplant. &#8220;Wir werden auf dem Gebiet der Faserpflanzen eine Verarbeitungslinie aufbauen&#8221;, so B\u00f6ttcher, der f\u00fcr die Zukunft ein europ\u00e4isches Netzwerk gr\u00fcnden will, das Naturfasern zum Thema hat. <\/p>\n<p>So f\u00f6rdert er auch den Erfahrungsaustausch mit dem Nachbarland Polen, wo in den vergangenen Jahrzehnten kontinuierlich in Sachen Naturfasern geforscht und experimentiert wurde. Erst k\u00fcrzlich lud er anl\u00e4sslich des Bollewicker Ostermarktes, der in der Scheune veranstaltet wurde, die Mitarbeiter des Naturfaserinstituts Poznan zum Erfahrungsaustausch sowie zur Pr\u00e4sentation einer Modellkollektion von Kleidungsst\u00fccken aus Flachs\/Leinen und Hanf ein. Dazu erkl\u00e4rte die Marketing-Chefin des Instituts, Florisa Malgoschata, ihr Produzentennetz: &#8220;Es handelt sich hier um Rentnerinnen oder arbeitslose Frauen, die die von uns gelieferten Fasern zu modischen Kleidungsst\u00fccken verarbeiten.&#8221; Auch ein kleines Gesch\u00e4ft hat das Institut in Poznan zum Verkauf der Waren eingerichtet.<\/p>\n<p>Neben Fasererzeugern und -Verarbeitern betreut der diplomierte Holzwirt Jan Hinrich B\u00f6ttcher auch landwirtschaftliche Versuchsfelder, auf denen Leindotter zur Gewinnung von \u00d6l angebaut wird, das eventuell als Motorentreibstoff genutzt werden kann. Die Felder, unter anderem bei Vipperow und Kn\u00fcppeldamm angelegt, resultieren aus Gespr\u00e4chen einer Expertenrunde zum Thema &#8220;Nachwachsende Rohstoffe&#8221;, das in der Bollewicker Scheune stattfand.<\/p>\n<p>Die Initiative, die die Wirtschaftlichkeit von nachwachsenden Rohstoffen aufzeigt, sei laut B\u00f6ttcher vom Chef der BAB, Bertold Meyer, ausgegangen, der erkannt hatte, dass auf diesem Gebiet etwas passieren muss. &#8220;Durch Anbau und Verarbeitung ist es m\u00f6glich, Arbeitspl\u00e4tze im l\u00e4ndlichen Raum zu erhalten und neue zu schaffen.&#8221; B\u00f6ttcher hofft darauf, dass sich das Projekt innerhalb von zwei Jahren selbst tragen kann. Bis dahin m\u00f6chte er das B\u00fcro \u00fcber Infoveranstaltungen und Beratungsleistungen in Bollewick etablieren.<\/p>\n<p>Interessierte kontakten unter<br \/>\nTel.: 039931\/530820<\/p>\n<p>Autorin: Marion Kupfer (nova)<br \/>\nEndredaktion: Michael Karus (nova)<br \/>\nQuelle: Nordkurier-Online vom 10.04. und 12.04.2001.<\/p>\n","protected":false},"excerpt":{"rendered":"<p>Deutschlands gr&ouml;&szlig;te Feldsteinscheune steht in Bollewick an der M&uuml;ritz und beherbergt nicht nur die Arbeits- und Ausbildungsinitiative R&ouml;bel (BAB), sondern seit M&auml;rz diesen Jahres auch<\/p>\n","protected":false},"author":3,"featured_media":0,"comment_status":"closed","ping_status":"closed","sticky":false,"template":"","format":"standard","meta":{"_seopress_robots_primary_cat":"","nova_meta_subtitle":"","footnotes":""},"categories":[5572],"tags":[],"supplier":[],"class_list":["post-4947","post","type-post","status-publish","format-standard","hentry","category-bio-based"],"_links":{"self":[{"href":"https:\/\/renewable-carbon.eu\/news\/wp-json\/wp\/v2\/posts\/4947","targetHints":{"allow":["GET"]}}],"collection":[{"href":"https:\/\/renewable-carbon.eu\/news\/wp-json\/wp\/v2\/posts"}],"about":[{"href":"https:\/\/renewable-carbon.eu\/news\/wp-json\/wp\/v2\/types\/post"}],"author":[{"embeddable":true,"href":"https:\/\/renewable-carbon.eu\/news\/wp-json\/wp\/v2\/users\/3"}],"replies":[{"embeddable":true,"href":"https:\/\/renewable-carbon.eu\/news\/wp-json\/wp\/v2\/comments?post=4947"}],"version-history":[{"count":0,"href":"https:\/\/renewable-carbon.eu\/news\/wp-json\/wp\/v2\/posts\/4947\/revisions"}],"wp:attachment":[{"href":"https:\/\/renewable-carbon.eu\/news\/wp-json\/wp\/v2\/media?parent=4947"}],"wp:term":[{"taxonomy":"category","embeddable":true,"href":"https:\/\/renewable-carbon.eu\/news\/wp-json\/wp\/v2\/categories?post=4947"},{"taxonomy":"post_tag","embeddable":true,"href":"https:\/\/renewable-carbon.eu\/news\/wp-json\/wp\/v2\/tags?post=4947"},{"taxonomy":"supplier","embeddable":true,"href":"https:\/\/renewable-carbon.eu\/news\/wp-json\/wp\/v2\/supplier?post=4947"}],"curies":[{"name":"wp","href":"https:\/\/api.w.org\/{rel}","templated":true}]}}