{"id":4905,"date":"2000-06-26T00:00:00","date_gmt":"2000-06-25T22:00:00","guid":{"rendered":"http:\/\/www.bio-based.eu\/news\/index.php?startid=20000626-01n"},"modified":"2000-06-26T00:00:00","modified_gmt":"2000-06-25T22:00:00","slug":"eu-kommission-und-europaparlament-finden-grundsatzkompromiss-fuer-flachs-und-hanf","status":"publish","type":"post","link":"https:\/\/renewable-carbon.eu\/news\/eu-kommission-und-europaparlament-finden-grundsatzkompromiss-fuer-flachs-und-hanf\/","title":{"rendered":"EU-Kommission und Europaparlament finden Grundsatzkompromiss f\u00fcr Flachs und Hanf"},"content":{"rendered":"<p>Die EU-Kommission und das Europaparlament haben sich in der vergangenen Woche auf einen Grundsatzkompromiss bei der strittigen Reform des Flachs- und Hanfsektors geeinigt (siehe auch Meldung vom <a HREF=\"http:\/\/www.bio-based.eu\/cgi-bin\/mih\/artikel.pl?id=-ID-&#038;artikel=19991111-02.news\">08.-11.11.1999<\/a>). Danach soll die Fl\u00e4chenbeihilfe, wie von der Kommission vorgeschlagen, an das Niveau der Getreidebeihilfen angepasst werden. Durchgesetzt hat sich die Br\u00fcsseler Beh\u00f6rde auch in der Frage der nationalen Produktionsh\u00f6chstmengen. Deutschland muss folglich damit rechnen, nicht mehr als 300 t langfasrigen Flachs sowie 6.300 t Hanf- und Flachs-Kurzfaser beihilfef\u00e4hig produzieren zu d\u00fcrfen. Nach drei Jahren sollen die Quoten \u00fcberpr\u00fcft werden.<\/p>\n<p>Das Parlament hat seinerseits mit der Forderung nach einer st\u00e4rkeren Unterst\u00fctzung der Kurzfaserproduktion Erfolg. Statt 40 Euro f\u00fcr jede produzierte Tonne Kurzfaser soll die Verarbeitungsbeihilfe nun 80 Euro\/t (=156,47 DM) betragen. Nach vier Jahren soll die Verarbeitungsbeihilfe dann erneut auf den Pr\u00fcfstand. Die Verarbeitungsbeihilfe f\u00fcr Flachs-Langfasern liegt aber auch beim neuen Kompromiss deutlich h\u00f6her als f\u00fcr Kurzfasern: 150 Euro\/t bis zum Wirtschaftsjahr 2005\/06 und 200 Euro\/t ab 2006\/07.<\/p>\n<p>Wenig Gutes gibt es Unternehmen zu berichten, die Hanf im Lebensmittelsektor einsetzen. Zwar haben Parlament und Kommission bekr\u00e4ftigt, dass Hanflebensmittel auch zuk\u00fcnftig in der EU hergestellt werden d\u00fcrfen. Aber eine Beihilfe soll es hierf\u00fcr grunds\u00e4tzlich nicht mehr geben.<\/p>\n<p>Welche \u00f6konomischen Konsequenzen der neue Reformkompromiss konkret haben wird, kann erst gesagt werden, wenn die Details der Vereinbarungen (z.B. Festlegung des Restsch\u00e4bengehaltes) bekannt sind. Die Erh\u00f6hung und Festschreibung der Verarbeitungsbeihilfe f\u00fcr Kurzfasern auf 80 Euro\/t \u00fcber 4 Jahre gibt den neuen Gesamtfaserlinien in Deutschland, Gro\u00dfbritannien und den Niederlanden eine mittelfristige Perspektive. Bitter ist allerdings, dass eine Kuppelnutzung nicht beihilfef\u00e4hig zu sein scheint, wenn die Hanfsamen in den Lebensmittelsektor gelangen sollen, dem einzigen lukrativen Markt. Aber auch hier m\u00fcssen die Details abgewartet werden.<\/p>\n<p>Am 3. Juli wird sich der Landwirtschaftsausschuss des Parlaments zu einer Sondersitzung treffen, um \u00fcber den Kompromissvorschlag noch einmal zu beraten. In der gleichen Woche soll das Plenum seine Stellungnahme abgeben, damit der EU-Agrarministerrat am 17. und 18. Juli die Reform im Flachs- und Hanfsektor beschlie\u00dfen kann. Relevante \u00c4nderungen am jetzigen Kompromiss sind dabei nicht mehr zu erwarten.<\/p>\n<p>Autor und Endredaktion: Michael Karus (nova)<br \/>\nQuellen: AGRA-EUROPE 26\/00 vom 26. Juni 2000 und nova-Archiv.<\/p>\n","protected":false},"excerpt":{"rendered":"<p>Die EU-Kommission und das Europaparlament haben sich in der vergangenen Woche auf einen Grundsatzkompromiss bei der strittigen Reform des Flachs- und Hanfsektors geeinigt (siehe auch<\/p>\n","protected":false},"author":3,"featured_media":0,"comment_status":"closed","ping_status":"closed","sticky":false,"template":"","format":"standard","meta":{"_seopress_robots_primary_cat":"","nova_meta_subtitle":"","footnotes":""},"categories":[5572],"tags":[],"supplier":[],"class_list":["post-4905","post","type-post","status-publish","format-standard","hentry","category-bio-based"],"_links":{"self":[{"href":"https:\/\/renewable-carbon.eu\/news\/wp-json\/wp\/v2\/posts\/4905","targetHints":{"allow":["GET"]}}],"collection":[{"href":"https:\/\/renewable-carbon.eu\/news\/wp-json\/wp\/v2\/posts"}],"about":[{"href":"https:\/\/renewable-carbon.eu\/news\/wp-json\/wp\/v2\/types\/post"}],"author":[{"embeddable":true,"href":"https:\/\/renewable-carbon.eu\/news\/wp-json\/wp\/v2\/users\/3"}],"replies":[{"embeddable":true,"href":"https:\/\/renewable-carbon.eu\/news\/wp-json\/wp\/v2\/comments?post=4905"}],"version-history":[{"count":0,"href":"https:\/\/renewable-carbon.eu\/news\/wp-json\/wp\/v2\/posts\/4905\/revisions"}],"wp:attachment":[{"href":"https:\/\/renewable-carbon.eu\/news\/wp-json\/wp\/v2\/media?parent=4905"}],"wp:term":[{"taxonomy":"category","embeddable":true,"href":"https:\/\/renewable-carbon.eu\/news\/wp-json\/wp\/v2\/categories?post=4905"},{"taxonomy":"post_tag","embeddable":true,"href":"https:\/\/renewable-carbon.eu\/news\/wp-json\/wp\/v2\/tags?post=4905"},{"taxonomy":"supplier","embeddable":true,"href":"https:\/\/renewable-carbon.eu\/news\/wp-json\/wp\/v2\/supplier?post=4905"}],"curies":[{"name":"wp","href":"https:\/\/api.w.org\/{rel}","templated":true}]}}