{"id":4823,"date":"2000-11-17T00:00:00","date_gmt":"2000-11-16T22:00:00","guid":{"rendered":"http:\/\/www.bio-based.eu\/news\/index.php?startid=20001117-03n"},"modified":"2000-11-17T00:00:00","modified_gmt":"2000-11-16T22:00:00","slug":"sioux-informieren-sich-ueber-hanfanbau-in-deutschland","status":"publish","type":"post","link":"https:\/\/renewable-carbon.eu\/news\/sioux-informieren-sich-ueber-hanfanbau-in-deutschland\/","title":{"rendered":"Sioux informieren sich \u00fcber Hanfanbau in Deutschland"},"content":{"rendered":"<p>Henry Red Cloud, Ur-Ur-Enkel von H\u00e4uptling Red Cloud, der 1868 mit dem &#8220;wei\u00dfen Mann&#8221; Frieden schloss, will heute seinen Lebensunterhalt mit dem Anbau und der Vermarktung der alten Kulturpflanze Hanf bestreiten (vgl. Meldung vom <a HREF=\"http:\/\/www.bio-based.eu\/cgi-bin\/mih\/artikel.pl?id=-ID-&#038;artikel=20001024-01.news\">24.10.00<\/a>). Im badischen Malsch informierten sich er und vier weitere Indianer vom Stamme der Lakota-Sioux \u00fcber die Chancen des Hanfanbaus.<\/p>\n<p>Die Lakota halten Hanf f\u00fcr eine ideale Pflanze, denn ihr Reservat in South-Dakota liegt auf kargen B\u00f6den. Au\u00dferdem m\u00fcssen sie im &#8220;Pine Ridge&#8221;-Reservat, wo rund 20.000 der 60.000 Lakota leben, mit extremen Witterungsbedingungen zurecht kommen. Hanf k\u00f6nnte &#8211; so die Hoffnung der Indianer &#8211; das werden, was der B\u00fcffel fr\u00fcher einmal war. Neben den widrigen klimatischen Bedingungen haben die Indianer mit der amerikanischen Administration zu k\u00e4mpfen. Obwohl Industriehanf, den die Lakota anbauen, nachweislich keine berauschende Wirkung hat und obwohl laut dem Friedensvertrag von 1868 die Lakota eine eigenst\u00e4ndige Nation mit eigenen Rechten bilden, wurden die Felder im August, zwei Tage vor der Ernte, von FBI-Beamten zerst\u00f6rt.<\/p>\n<p>Die Lakota wollen jedoch weiter daf\u00fcr k\u00e4mpfen, Hanf anbauen zu d\u00fcrfen. Die badischen Hanf-Pioniere sollen dabei Hilfestellung geben. Mut gemacht wurde ihnen jedenfalls. <br \/>\nIn Deutschland wurde der gemeinn\u00fctzige Verein&#8221;<a HREF=\"http:\/\/www.lakota-village.de\/\">www.lakota-village.de<\/a>&#8221; gegr\u00fcndet. Ziel ist es, Gelder f\u00fcr eine Hanfsiedlung zu sammeln und so den Lakota Hilfe zur Selbsthilfe zu gew\u00e4hren. Unterst\u00fctzer sind Paul McCartney, Peter Maffay, Gottfried Helnwein und Firmen wie BMW.<\/p>\n<p>Autor: Klaus-Martin Meyer (nova)<br \/>\nEndredaktion: Michael Karus (nova)<br \/>\nQuelle: RHEINPFALZ ONLINE vom 17.11.00.<\/p>\n","protected":false},"excerpt":{"rendered":"<p>Henry Red Cloud, Ur-Ur-Enkel von H&auml;uptling Red Cloud, der 1868 mit dem &#8220;wei&szlig;en Mann&#8221; Frieden schloss, will heute seinen Lebensunterhalt mit dem Anbau und der<\/p>\n","protected":false},"author":3,"featured_media":0,"comment_status":"closed","ping_status":"closed","sticky":false,"template":"","format":"standard","meta":{"_seopress_robots_primary_cat":"","nova_meta_subtitle":"","footnotes":""},"categories":[5572],"tags":[],"supplier":[],"class_list":["post-4823","post","type-post","status-publish","format-standard","hentry","category-bio-based"],"_links":{"self":[{"href":"https:\/\/renewable-carbon.eu\/news\/wp-json\/wp\/v2\/posts\/4823","targetHints":{"allow":["GET"]}}],"collection":[{"href":"https:\/\/renewable-carbon.eu\/news\/wp-json\/wp\/v2\/posts"}],"about":[{"href":"https:\/\/renewable-carbon.eu\/news\/wp-json\/wp\/v2\/types\/post"}],"author":[{"embeddable":true,"href":"https:\/\/renewable-carbon.eu\/news\/wp-json\/wp\/v2\/users\/3"}],"replies":[{"embeddable":true,"href":"https:\/\/renewable-carbon.eu\/news\/wp-json\/wp\/v2\/comments?post=4823"}],"version-history":[{"count":0,"href":"https:\/\/renewable-carbon.eu\/news\/wp-json\/wp\/v2\/posts\/4823\/revisions"}],"wp:attachment":[{"href":"https:\/\/renewable-carbon.eu\/news\/wp-json\/wp\/v2\/media?parent=4823"}],"wp:term":[{"taxonomy":"category","embeddable":true,"href":"https:\/\/renewable-carbon.eu\/news\/wp-json\/wp\/v2\/categories?post=4823"},{"taxonomy":"post_tag","embeddable":true,"href":"https:\/\/renewable-carbon.eu\/news\/wp-json\/wp\/v2\/tags?post=4823"},{"taxonomy":"supplier","embeddable":true,"href":"https:\/\/renewable-carbon.eu\/news\/wp-json\/wp\/v2\/supplier?post=4823"}],"curies":[{"name":"wp","href":"https:\/\/api.w.org\/{rel}","templated":true}]}}