{"id":4811,"date":"2000-12-12T00:00:00","date_gmt":"2000-12-11T22:00:00","guid":{"rendered":"http:\/\/www.bio-based.eu\/news\/index.php?startid=20001212-01n"},"modified":"2000-12-12T00:00:00","modified_gmt":"2000-12-11T22:00:00","slug":"biotechnik-optimiert-wollfasern","status":"publish","type":"post","link":"https:\/\/renewable-carbon.eu\/news\/biotechnik-optimiert-wollfasern\/","title":{"rendered":"Biotechnik optimiert Wollfasern"},"content":{"rendered":"<p>Wollpullover, die weder auf der Haut kratzen noch verfilzen, wurden im Rahmen der 10. Internationalen Wollforschungskonferenz in Aachen vorgestellt. Angesichts der Konkurrenz von modernen Vliesstoffen, die extrem leicht, flauschig und vollwaschbar sind, steht die Wollwirtschaft unter einem enormen Innovationsdruck. Da auch die Nachfrage nach edlen Naturfasern wie Kaschmir, Mohair und Angora stark im Steigen begriffen ist, w\u00e4re eine weichere Wolle eine willkommene Alternative.<\/p>\n<p>Bei der Wollherstellung wird die Schuppenstruktur der Naturfaser, die beim Waschen zum Verfilzen f\u00fchrt bisher durch Oxidation mit Chlor und einem \u00dcberzug aus chlorhaltigem Kunstharz zerst\u00f6rt. Die Veredlung der Faser belastet die Abw\u00e4sser stark. Dieses Verfahren soll zuk\u00fcnftig durch eine neue Plasmatechnologie ersetzt werden. Hierbei werden der Wolle mittels elektrisch geladener Edelgase Ionen entzogen. Zusammen mit einem neuen, chlorfreien Kunstharz der Firma Bayer wird die Umwelt entlastet. Bis zur industriellen Einsetzbarkeit des Verfahrens d\u00fcrften nach Angaben der Tageszeitung &#8220;Die Welt&#8221; allerdings noch mindestens f\u00fcnf Jahre vergehen.<\/p>\n<p>Mit konventionellen Maschinen kommt dagegen ein zweites neues Verfahren aus, welches die Wollfaser mit Hilfe einer Enzymtechnologie veredelt. Nach Auskunft von Brigitte K\u00fcppers vom Deutschen Wollforschungsinstitut (DWI) modifizieren die Enzyme die Faser an der Oberfl\u00e4che, so dass sie nicht mehr verfilze. Ausserdem nehme die Faser beim F\u00e4rben die Farbe leichter an.<\/p>\n<p>Durch die Optimierung der Naturfaser k\u00f6nnte es gelingen, neue Einsatzgebiete und M\u00e4rkte f\u00fcr die Schafwolle zu erobern.<\/p>\n<p>Autor: Klaus-Martin Meyer (nova)<br \/>\nEndredaktion: Michael Karus (nova)<br \/>\nQuelle: <a HREF=\"http:\/\/www.welt.de\/\">Die Welt<\/a> vom 12.12.00.<\/p>\n","protected":false},"excerpt":{"rendered":"<p>Wollpullover, die weder auf der Haut kratzen noch verfilzen, wurden im Rahmen der 10. Internationalen Wollforschungskonferenz in Aachen vorgestellt. Angesichts der Konkurrenz von modernen Vliesstoffen,<\/p>\n","protected":false},"author":3,"featured_media":0,"comment_status":"closed","ping_status":"closed","sticky":false,"template":"","format":"standard","meta":{"_seopress_robots_primary_cat":"","nova_meta_subtitle":"","footnotes":""},"categories":[5572],"tags":[],"supplier":[],"class_list":["post-4811","post","type-post","status-publish","format-standard","hentry","category-bio-based"],"_links":{"self":[{"href":"https:\/\/renewable-carbon.eu\/news\/wp-json\/wp\/v2\/posts\/4811","targetHints":{"allow":["GET"]}}],"collection":[{"href":"https:\/\/renewable-carbon.eu\/news\/wp-json\/wp\/v2\/posts"}],"about":[{"href":"https:\/\/renewable-carbon.eu\/news\/wp-json\/wp\/v2\/types\/post"}],"author":[{"embeddable":true,"href":"https:\/\/renewable-carbon.eu\/news\/wp-json\/wp\/v2\/users\/3"}],"replies":[{"embeddable":true,"href":"https:\/\/renewable-carbon.eu\/news\/wp-json\/wp\/v2\/comments?post=4811"}],"version-history":[{"count":0,"href":"https:\/\/renewable-carbon.eu\/news\/wp-json\/wp\/v2\/posts\/4811\/revisions"}],"wp:attachment":[{"href":"https:\/\/renewable-carbon.eu\/news\/wp-json\/wp\/v2\/media?parent=4811"}],"wp:term":[{"taxonomy":"category","embeddable":true,"href":"https:\/\/renewable-carbon.eu\/news\/wp-json\/wp\/v2\/categories?post=4811"},{"taxonomy":"post_tag","embeddable":true,"href":"https:\/\/renewable-carbon.eu\/news\/wp-json\/wp\/v2\/tags?post=4811"},{"taxonomy":"supplier","embeddable":true,"href":"https:\/\/renewable-carbon.eu\/news\/wp-json\/wp\/v2\/supplier?post=4811"}],"curies":[{"name":"wp","href":"https:\/\/api.w.org\/{rel}","templated":true}]}}