{"id":4809,"date":"2000-12-12T00:00:00","date_gmt":"2000-12-11T22:00:00","guid":{"rendered":"http:\/\/www.bio-based.eu\/news\/index.php?startid=20001212-05n"},"modified":"2000-12-12T00:00:00","modified_gmt":"2000-12-11T22:00:00","slug":"offener-avk-brief-zu-moeglichen-auswirkungen-der-eu-altautorichtlinie","status":"publish","type":"post","link":"https:\/\/renewable-carbon.eu\/news\/offener-avk-brief-zu-moeglichen-auswirkungen-der-eu-altautorichtlinie\/","title":{"rendered":"Offener AVK-Brief zu m\u00f6glichen Auswirkungen der EU-Altautorichtlinie"},"content":{"rendered":"<p>Sehr geehrter<br \/>\nHerr Staatssekret\u00e4r Baake (Bundesministerium f\u00fcr Umwelt, Naturschutz und Reaktorsicherheit),<\/p>\n<p>bzw.<\/p>\n<p>Herr Staatssekret\u00e4r Dr. Martin Wille (Bundesministerium f\u00fcr Ern\u00e4hrung, Landwirtschaft und Forsten),<\/p>\n<p>die Arbeitsgemeinschaft Verst\u00e4rkte Kunststoffe-Technische Vereinigung e. V. (AVK-TV) ist die Fachorganisation der Rohstofflieferanten, Verarbeiter, Anwender und Forschungseinrichtungen, die sich mit verst\u00e4rkten Kunststoffen und duroplastischen Formmassen besch\u00e4ftigt. In Arbeitskreisen bieten wir Hilfestellung zur L\u00f6sung der zentralen Fragen unserer Branche. Sowohl die Technik als auch das Marketing werden in verschiedenen Arbeitskreisen behandelt.<\/p>\n<p>Am 17.Mai 2000 ist der Arbeitskreis &#8220;Naturfaserverst\u00e4rkte Polymere&#8221; gegr\u00fcndet worden, der es sich zur Aufgabe gemacht hat, &#8220;industrieneutral&#8221; und fach\u00fcbergreifend Informationen \u00fcber diese verh\u00e4ltnism\u00e4\u00dfig neue \u00f6kologische Werkstoffklasse zu verbreiten, um deren Entwicklung zielgerichtet voranzutreiben und das Anwendungsspektrum zu vergr\u00f6\u00dfern.<\/p>\n<p>Allgemein wird der Automobilbau als Vorreiter f\u00fcr neue Technologien und die breite Anwendung neuer Werkstoffe gesehen. Deshalb begr\u00fc\u00dfen wir es nat\u00fcrlich, dass hier in den letzten Jahren die Mengen der eingesetzten naturfaserverst\u00e4rkten Polymere im Kfz auf beachtliche Umf\u00e4nge gesteigert worden sind. Gleichzeitig wurden erhebliche F\u00f6rdermittel aufgewendet, um den Anteil dieser ressourcenschonenden und mit einer g\u00fcnstigen Energie- und CO<sub>2<\/sub>-Bilanz ausgezeichneten Werkstoffe weiter zu erh\u00f6hen.<\/p>\n<p>Die Auswirkung der am 18.9.2000 verabschiedeten EU-Altautorichtlinie und des geplanten Gesetzes zwingt nun letztlich zu einer R\u00fccknahme des Einsatzes dieser Werkstoffe bis gegen Null, da eine sinnvolle stoffliche Verwertung bis auf wenige Ausnahmen nicht gegeben ist. Auch f\u00fcr andere Einsatzgebiete sind negative Folgen zu bef\u00fcrchten.<\/p>\n<p>Die diesbez\u00fcglich im Bundestag gestellte Kleine Anfrage (Drucksache 14\/4432) und deren Antwort (Drucksache 14\/4587) haben wir mit Aufmerksamkeit verfolgt, sehen aber einen zus\u00e4tzlichen Handlungsbedarf speziell bez\u00fcglich der naturfaserverst\u00e4rkten Kunststoffe: denn im Gegensatz zur F\u00f6rderung der direkten Verbrennung von Biomasse wird die \u00f6kologisch sinnvolle thermische Nachnutzung von Bauteilen aus nachwachsenden Rohstoffen durch die genannte Richtlinie im Automobilbau weitgehend ausgeschlossen und damit auch die Anwendung dieser Werkstoffe \u00fcberhaupt.<\/p>\n<p>Wir m\u00f6chten Sie deshalb zum Dialog zur genannten Problematik auffordern, um gemeinsam L\u00f6sungsans\u00e4tze zumindest f\u00fcr die nationale Ausgestaltung der Richtlinie zu erarbeiten. F\u00fcr Ihren Vorschlag zu einem Besprechungstermin w\u00e4ren wir Ihnen sehr dankbar.<br \/>\nMit freundlichen Gr\u00fc\u00dfen<\/p>\n<p>Dr. Uwe B\u00fcltjer<br \/>\nAVK-TV Gesch\u00e4ftsf\u00fchrer<\/p>\n<p>Dr. Ulrich Riedel<br \/>\nDLR Braunschweig \/ Vorsitzender des AK Naturfaserverst\u00e4rkte Polymere<\/p>\n","protected":false},"excerpt":{"rendered":"<p>Sehr geehrter<br \/>\nHerr Staatssekret&auml;r Baake (Bundesministerium f&uuml;r Umwelt, Naturschutz und Reaktorsicherheit),<\/p>\n<p>bzw.<\/p>\n<p>Herr Staatssekret&auml;r Dr. Martin Wille (Bundesministerium f&uuml;r Ern&auml;hrung, Landwirtschaft und Forsten),<\/p>\n<p>die Arbeitsgemeinschaft Verst&auml;rkte Kunststoffe-Technische Vereinigung e.<\/p>\n","protected":false},"author":3,"featured_media":0,"comment_status":"closed","ping_status":"closed","sticky":false,"template":"","format":"standard","meta":{"_seopress_robots_primary_cat":"","nova_meta_subtitle":"","footnotes":""},"categories":[5572],"tags":[],"supplier":[],"class_list":["post-4809","post","type-post","status-publish","format-standard","hentry","category-bio-based"],"_links":{"self":[{"href":"https:\/\/renewable-carbon.eu\/news\/wp-json\/wp\/v2\/posts\/4809","targetHints":{"allow":["GET"]}}],"collection":[{"href":"https:\/\/renewable-carbon.eu\/news\/wp-json\/wp\/v2\/posts"}],"about":[{"href":"https:\/\/renewable-carbon.eu\/news\/wp-json\/wp\/v2\/types\/post"}],"author":[{"embeddable":true,"href":"https:\/\/renewable-carbon.eu\/news\/wp-json\/wp\/v2\/users\/3"}],"replies":[{"embeddable":true,"href":"https:\/\/renewable-carbon.eu\/news\/wp-json\/wp\/v2\/comments?post=4809"}],"version-history":[{"count":0,"href":"https:\/\/renewable-carbon.eu\/news\/wp-json\/wp\/v2\/posts\/4809\/revisions"}],"wp:attachment":[{"href":"https:\/\/renewable-carbon.eu\/news\/wp-json\/wp\/v2\/media?parent=4809"}],"wp:term":[{"taxonomy":"category","embeddable":true,"href":"https:\/\/renewable-carbon.eu\/news\/wp-json\/wp\/v2\/categories?post=4809"},{"taxonomy":"post_tag","embeddable":true,"href":"https:\/\/renewable-carbon.eu\/news\/wp-json\/wp\/v2\/tags?post=4809"},{"taxonomy":"supplier","embeddable":true,"href":"https:\/\/renewable-carbon.eu\/news\/wp-json\/wp\/v2\/supplier?post=4809"}],"curies":[{"name":"wp","href":"https:\/\/api.w.org\/{rel}","templated":true}]}}