{"id":4803,"date":"1999-12-08T00:00:00","date_gmt":"1999-12-07T22:00:00","guid":{"rendered":"http:\/\/www.bio-based.eu\/news\/index.php?startid=19991208-02n"},"modified":"1999-12-08T00:00:00","modified_gmt":"1999-12-07T22:00:00","slug":"freundliche-tendenz-am-flachsrohstoffmarkt","status":"publish","type":"post","link":"https:\/\/renewable-carbon.eu\/news\/freundliche-tendenz-am-flachsrohstoffmarkt\/","title":{"rendered":"Freundliche Tendenz am Flachsrohstoffmarkt"},"content":{"rendered":"<p>Die Preise am Markt f\u00fcr Flachsfasern entwickeln sich weiterhin sehr freundlich (siehe auch Meldung vom <a HREF=\"http:\/\/www.bio-based.eu\/cgi-bin\/mih\/artikel.pl?id=-ID-&#038;artikel=19991114-01.news\">14.11.99<\/a>). Dies gilt insbesondere f\u00fcr beste Werge und beste Qualit\u00e4ten von Langfasern. Der Bereich mittlerer Qualit\u00e4ten konnte sich von dieser Preisentwicklung bisher mehr oder weniger abkoppeln. Sollten sich die steigenden Preise auch bei minderen Wergqualit\u00e4ten durchsetzen, k\u00f6nnten eine ganze Reihe von Anwendungen im Bereich Filze und Vliese gef\u00e4hrdet sein.\n<\/p>\n<p>In diesem Bereich wurden in den 80er und 90er Jahren gro\u00dfe Mengen an F\u00f6rdergeldern ausgegeben. Nach Ansicht von E. Heger von der Flachsberatung E. Heger &#038; Partner k\u00f6nnten die steigenden Preise das \u00dcberleben eines nachhaltigen Anbaus und der Verarbeitung von Flachs-Industriefasern ernsthaft gef\u00e4hrden. Dies gilt insbesondere f\u00fcr die noch jungen Firmen im Kurzfaserbereich. Auch g\u00e4be es Zweifel, ob Hanffasern in ausreichendem Ma\u00dfe in die Bresche springen k\u00f6nnten.\n<\/p>\n<p>Autor: Klaus-Martin Meyer (nova)<br \/>\nEndredaktion: Michael Karus (nova)<br \/>\nQuelle: Egon Heger, <a HREF=\"http:\/\/www.flachs.de\/\">www.flachs.de<\/a> vom 08.12.99.<\/p>\n","protected":false},"excerpt":{"rendered":"<p>Die Preise am Markt f&uuml;r Flachsfasern entwickeln sich weiterhin sehr freundlich (siehe auch Meldung vom <a href=\"http:\/\/www.bio-based.eu\/cgi-bin\/mih\/artikel.pl?id=-ID-&amp;artikel=19991114-01.news\">14.11.99<\/a>). Dies gilt insbesondere f&uuml;r beste Werge und beste<\/p>\n","protected":false},"author":3,"featured_media":0,"comment_status":"closed","ping_status":"closed","sticky":false,"template":"","format":"standard","meta":{"_seopress_robots_primary_cat":"","nova_meta_subtitle":"","footnotes":""},"categories":[5572],"tags":[],"supplier":[],"class_list":["post-4803","post","type-post","status-publish","format-standard","hentry","category-bio-based"],"_links":{"self":[{"href":"https:\/\/renewable-carbon.eu\/news\/wp-json\/wp\/v2\/posts\/4803","targetHints":{"allow":["GET"]}}],"collection":[{"href":"https:\/\/renewable-carbon.eu\/news\/wp-json\/wp\/v2\/posts"}],"about":[{"href":"https:\/\/renewable-carbon.eu\/news\/wp-json\/wp\/v2\/types\/post"}],"author":[{"embeddable":true,"href":"https:\/\/renewable-carbon.eu\/news\/wp-json\/wp\/v2\/users\/3"}],"replies":[{"embeddable":true,"href":"https:\/\/renewable-carbon.eu\/news\/wp-json\/wp\/v2\/comments?post=4803"}],"version-history":[{"count":0,"href":"https:\/\/renewable-carbon.eu\/news\/wp-json\/wp\/v2\/posts\/4803\/revisions"}],"wp:attachment":[{"href":"https:\/\/renewable-carbon.eu\/news\/wp-json\/wp\/v2\/media?parent=4803"}],"wp:term":[{"taxonomy":"category","embeddable":true,"href":"https:\/\/renewable-carbon.eu\/news\/wp-json\/wp\/v2\/categories?post=4803"},{"taxonomy":"post_tag","embeddable":true,"href":"https:\/\/renewable-carbon.eu\/news\/wp-json\/wp\/v2\/tags?post=4803"},{"taxonomy":"supplier","embeddable":true,"href":"https:\/\/renewable-carbon.eu\/news\/wp-json\/wp\/v2\/supplier?post=4803"}],"curies":[{"name":"wp","href":"https:\/\/api.w.org\/{rel}","templated":true}]}}