{"id":4737,"date":"2000-04-12T00:00:00","date_gmt":"2000-04-11T22:00:00","guid":{"rendered":"http:\/\/www.bio-based.eu\/news\/index.php?startid=20000412-02n"},"modified":"2000-04-12T00:00:00","modified_gmt":"2000-04-11T22:00:00","slug":"weiterhin-steigende-tendenz-bei-flachspreisen","status":"publish","type":"post","link":"https:\/\/renewable-carbon.eu\/news\/weiterhin-steigende-tendenz-bei-flachspreisen\/","title":{"rendered":"Weiterhin steigende Tendenz bei Flachspreisen"},"content":{"rendered":"<p>Die Preise f\u00fcr Langflachs sind erneut nach oben gerichtet: die psychologische Grenze von 100 belgischen Franc\/kg &#8211; etwa 2,50 Euro\/kg &#8211; f\u00fcr Flachs sehr guter Qualit\u00e4t wird immer regelm\u00e4\u00dfiger \u00fcberschritten. Auch Flachs geringer Qualit\u00e4ten ist unter 1,50 Euro\/kg nicht mehr zu beschaffen. Die Preise f\u00fcr bestes Schwungwerg liegen bei ca. 0.75 Euro\/kg, f\u00fcr minderes Schwungwerg bei 0,45 Euro\/kg. Damit geraten die technischen Anwendungen von Flachswerg weiter unter Druck.\n<\/p>\n<p>Vgl. auch Meldung vom <a HREF=\"http:\/\/www.bio-based.eu\/cgi-bin\/mih\/artikel.pl?id=-ID-&#038;artikel=19991228-03.news\">28.12.99<\/a>.\n<\/p>\n<p>Autor: Klaus-Martin Meyer (nova)<br \/>\nEndredaktion: Michael Karus (nova)<br \/>\nQuelle: Egon Heger, <a HREF=\"http:\/\/www.flachs.de\/\">Flachsberatung<\/a> vom 12.04.2000.<\/p>\n","protected":false},"excerpt":{"rendered":"<p>Die Preise f&uuml;r Langflachs sind erneut nach oben gerichtet: die psychologische Grenze von 100 belgischen Franc\/kg &#8211; etwa 2,50 Euro\/kg &#8211; f&uuml;r Flachs sehr guter<\/p>\n","protected":false},"author":3,"featured_media":0,"comment_status":"closed","ping_status":"closed","sticky":false,"template":"","format":"standard","meta":{"_seopress_robots_primary_cat":"","nova_meta_subtitle":"","footnotes":""},"categories":[5572],"tags":[],"supplier":[],"class_list":["post-4737","post","type-post","status-publish","format-standard","hentry","category-bio-based"],"_links":{"self":[{"href":"https:\/\/renewable-carbon.eu\/news\/wp-json\/wp\/v2\/posts\/4737","targetHints":{"allow":["GET"]}}],"collection":[{"href":"https:\/\/renewable-carbon.eu\/news\/wp-json\/wp\/v2\/posts"}],"about":[{"href":"https:\/\/renewable-carbon.eu\/news\/wp-json\/wp\/v2\/types\/post"}],"author":[{"embeddable":true,"href":"https:\/\/renewable-carbon.eu\/news\/wp-json\/wp\/v2\/users\/3"}],"replies":[{"embeddable":true,"href":"https:\/\/renewable-carbon.eu\/news\/wp-json\/wp\/v2\/comments?post=4737"}],"version-history":[{"count":0,"href":"https:\/\/renewable-carbon.eu\/news\/wp-json\/wp\/v2\/posts\/4737\/revisions"}],"wp:attachment":[{"href":"https:\/\/renewable-carbon.eu\/news\/wp-json\/wp\/v2\/media?parent=4737"}],"wp:term":[{"taxonomy":"category","embeddable":true,"href":"https:\/\/renewable-carbon.eu\/news\/wp-json\/wp\/v2\/categories?post=4737"},{"taxonomy":"post_tag","embeddable":true,"href":"https:\/\/renewable-carbon.eu\/news\/wp-json\/wp\/v2\/tags?post=4737"},{"taxonomy":"supplier","embeddable":true,"href":"https:\/\/renewable-carbon.eu\/news\/wp-json\/wp\/v2\/supplier?post=4737"}],"curies":[{"name":"wp","href":"https:\/\/api.w.org\/{rel}","templated":true}]}}