{"id":4735,"date":"2000-04-12T00:00:00","date_gmt":"2000-04-11T22:00:00","guid":{"rendered":"http:\/\/www.bio-based.eu\/news\/index.php?startid=20000412-01n"},"modified":"2000-04-12T00:00:00","modified_gmt":"2000-04-11T22:00:00","slug":"schweizer-kanton-bern-soll-wirtschaftliche-bedeutung-des-hanf-anbaus-pruefen","status":"publish","type":"post","link":"https:\/\/renewable-carbon.eu\/news\/schweizer-kanton-bern-soll-wirtschaftliche-bedeutung-des-hanf-anbaus-pruefen\/","title":{"rendered":"Schweizer Kanton Bern soll wirtschaftliche Bedeutung des Hanf-Anbaus pr\u00fcfen"},"content":{"rendered":"<p>Der Regierungsrat soll die wirtschaftliche Bedeutung des Nutzhanf-Anbaus im Kanton Bern pr\u00fcfen. Dies fordert die Mehrheit des &#8220;Grossen Rats&#8221; und verlangt dazu einen Bericht.\n<\/p>\n<p>Die Abgeordnete Mirjam B\u00fctler (SP, Bern) sprach sich gegen\u00fcber der Regierungsr\u00e4tin Elisabeth Z\u00f6lch f\u00fcr einen Bericht aus, der die wirtschaftliche Bedeutung des Hanf-Anbaus im Kanton Bern ausloten soll. Mit 86 gegen 82 Stimmen stimmte eine knappe Mehrheit des Parlaments der Forderung in unverbindlicher Form (Postulat) zu. Damit muss Volkswirtschaftsdirektorin Elisabeth Z\u00f6lch allerdings nur pr\u00fcfen, ob sie die wirtschaftlichen Aussichten des Hanf-Gewerbes analysieren will.\n<\/p>\n<p>Mirjam B\u00fctler argumentierte, dass das Hanfgewerbe ein schnell wachsender Wirtschaftszweig werde und dementsprechend auch eine volkswirtschaftliche Bedeutung erhalten habe. F\u00fcr eine sachliche Diskussion zum Potenzial dieses Wirtschaftszweiges w\u00fcrden unabh\u00e4ngige Informationen fehlen.\n<\/p>\n<p>Die heutige Bedeutung des Hanfs d\u00fcrfe nicht \u00fcbersch\u00e4tzt werden, sagte dagegen Regierungsr\u00e4tin Elisabeth Z\u00f6lch. Auf nur einem Promille der landwirtschaftlich genutzten Fl\u00e4che des Kantons Bern werde Hanf angebaut.<br \/>\nF\u00fcr die unverbindliche Forderung der Ratsmehrheit hatte Z\u00f6lch aber trotzdem Geh\u00f6r. Ein ausf\u00fchrlicher Bericht \u00fcber das Hanfgewerbe sei zwar zu aufwendig, sie k\u00f6nne sich aber vorstellen, die allgemeinen wirtschaftlichen Perspektiven des Hanfgewerbes abzukl\u00e4ren.\n<\/p>\n<p>Autor: Klaus-Martin Meyer (nova)<br \/>\nEndredaktion: Michael Karus (nova)<br \/>\nQuelle: Berner Zeitung vom 12.04.00.<\/p>\n","protected":false},"excerpt":{"rendered":"<p>Der Regierungsrat soll die wirtschaftliche Bedeutung des Nutzhanf-Anbaus im Kanton Bern pr&uuml;fen. Dies fordert die Mehrheit des &#8220;Grossen Rats&#8221; und verlangt dazu einen Bericht.\n<\/p>\n<p>Die Abgeordnete<\/p>\n","protected":false},"author":3,"featured_media":0,"comment_status":"closed","ping_status":"closed","sticky":false,"template":"","format":"standard","meta":{"_seopress_robots_primary_cat":"","nova_meta_subtitle":"","footnotes":""},"categories":[5572],"tags":[],"supplier":[],"class_list":["post-4735","post","type-post","status-publish","format-standard","hentry","category-bio-based"],"_links":{"self":[{"href":"https:\/\/renewable-carbon.eu\/news\/wp-json\/wp\/v2\/posts\/4735","targetHints":{"allow":["GET"]}}],"collection":[{"href":"https:\/\/renewable-carbon.eu\/news\/wp-json\/wp\/v2\/posts"}],"about":[{"href":"https:\/\/renewable-carbon.eu\/news\/wp-json\/wp\/v2\/types\/post"}],"author":[{"embeddable":true,"href":"https:\/\/renewable-carbon.eu\/news\/wp-json\/wp\/v2\/users\/3"}],"replies":[{"embeddable":true,"href":"https:\/\/renewable-carbon.eu\/news\/wp-json\/wp\/v2\/comments?post=4735"}],"version-history":[{"count":0,"href":"https:\/\/renewable-carbon.eu\/news\/wp-json\/wp\/v2\/posts\/4735\/revisions"}],"wp:attachment":[{"href":"https:\/\/renewable-carbon.eu\/news\/wp-json\/wp\/v2\/media?parent=4735"}],"wp:term":[{"taxonomy":"category","embeddable":true,"href":"https:\/\/renewable-carbon.eu\/news\/wp-json\/wp\/v2\/categories?post=4735"},{"taxonomy":"post_tag","embeddable":true,"href":"https:\/\/renewable-carbon.eu\/news\/wp-json\/wp\/v2\/tags?post=4735"},{"taxonomy":"supplier","embeddable":true,"href":"https:\/\/renewable-carbon.eu\/news\/wp-json\/wp\/v2\/supplier?post=4735"}],"curies":[{"name":"wp","href":"https:\/\/api.w.org\/{rel}","templated":true}]}}