{"id":4734,"date":"2000-04-13T00:00:00","date_gmt":"2000-04-12T22:00:00","guid":{"rendered":"http:\/\/www.bio-based.eu\/news\/index.php?startid=20000413-01n"},"modified":"2000-04-13T00:00:00","modified_gmt":"2000-04-12T22:00:00","slug":"erste-brennnessel-aktie-kommt-an-den-markt","status":"publish","type":"post","link":"https:\/\/renewable-carbon.eu\/news\/erste-brennnessel-aktie-kommt-an-den-markt\/","title":{"rendered":"Erste Brennnessel-Aktie kommt an den Markt"},"content":{"rendered":"<p>Mit dem Slogan &#8220;Brennesselfasern &#8211; Die Sensation im Textilmarkt&#8221; wirbt die Stoffkontor Kranz AG um das Vertrauen von potenziellen Anlegern. Insgesamt 600.000 Namensaktien zu je zwei Euro will die Firma aus Dannenberg (Niedersachsen) ausgeben, um fr\u00fchzeitig am wiederentdeckten Markt f\u00fcr Stoffe und Textilien aus Brennnesselfasern partizipieren zu k\u00f6nnen. Die Gesellschaft betreibt seit Jahren erfolgreich den Gro\u00df- und Einzelhandel mit Stoffen und verf\u00fcgt daher \u00fcber einen gro\u00dfen Kundenstamm.\n<\/p>\n<p>Die Stoffkontor Kranz AG (vgl. auch Meldung vom <a HREF=\"http:\/\/www.bio-based.eu\/cgi-bin\/mih\/artikel.pl?id=-ID-&#038;artikel=20000306-02.news\">06.03.00<\/a>) ist nach eigenen Angaben als erstes Unternehmen weltweit kurzfristig in der Lage, industriell hergestellte Stoffe aus Brennnesselfaser anzubieten. F\u00fchrende Unternehmen der Textilverarbeitung und gro\u00dfe europ\u00e4ische Versandh\u00e4user sind dem Vernehmen nach an der Abnahme von Brennesselstoffen der Stoffkontor Kranz AG interessiert.\n<\/p>\n<p>Die Dannenberger Aktiengesellschaft hat seit 1995 daran gearbeitet, die untersch\u00e4tzte Naturfaser zu einem Rohstoff zu machen. Mit der Sortenanmeldung von zwei Brennesselsorten mit 12-14% Faseranteil, mit dem ersten gro\u00dffl\u00e4chigen Anbau auf landwirtschaftlichen Fl\u00e4chen 1999, mit einem neu entwickelten enzymatischen Faseraufschluss und einer kleinen Stoffprodution wurde bewiesen, dass qualitativ hochwertige Textilien aus Nessel in gro\u00dfem Stil herstellbar sind. Die &#8220;Baumwolle des Nordens&#8221; ist nach Informationen der Firma Kranz, fein wie Baumwolle, gl\u00e4nzend wie Seide, rei\u00dffester als Hanf, weich und geschmeidig sowie mit guten W\u00e4rmeeigenschaften ausgestattet.\n<\/p>\n<p>Der Vorstand der AG Heinrich Kranz freut sich schon jetzt darauf, den Aktion\u00e4ren im n\u00e4chsten Jahr die ersten Hemden aus Brennessel in limitierter Auflage anbieten zu k\u00f6nnen.\n<\/p>\n<p>Kontakt: <br \/>\nStoffkontor Kranz AG<br \/>\nDannenberger Str. 27<br \/>\nD-29439 Dannenbert\n<\/p>\n<p>Information &#038; Vertrieb der Aktien:<br \/>\n<a HREF=\"http:\/\/www.umweltfinanz.de\/\">UMWELTfinanz GmbH<\/a><br \/>\nBerliner Str. 36<br \/>\nD-10715 Berlin<br \/>\nE-Mail: <a HREF=\"mailto:info@umweltfinanz.de\">info@umweltfinanz.de<\/a>\n<\/p>\n<p>Autor: Klaus-Martin Meyer (nova)<br \/>\nEndredaktion: Michael Karus (nova)<br \/>\nQuelle: Heinrich Kranz, Vorstand Stoffkontor Kranz AG im Infobrief der Firma UMWELTfinanz, Berlin vom 13.04.00, Firmenprospekt der Stoffkontor Kranz AG.<\/p>\n","protected":false},"excerpt":{"rendered":"<p>Mit dem Slogan &#8220;Brennesselfasern &#8211; Die Sensation im Textilmarkt&#8221; wirbt die Stoffkontor Kranz AG um das Vertrauen von potenziellen Anlegern. Insgesamt 600.000 Namensaktien zu je<\/p>\n","protected":false},"author":3,"featured_media":0,"comment_status":"closed","ping_status":"closed","sticky":false,"template":"","format":"standard","meta":{"_seopress_robots_primary_cat":"","nova_meta_subtitle":"","footnotes":""},"categories":[5572],"tags":[],"supplier":[],"class_list":["post-4734","post","type-post","status-publish","format-standard","hentry","category-bio-based"],"_links":{"self":[{"href":"https:\/\/renewable-carbon.eu\/news\/wp-json\/wp\/v2\/posts\/4734","targetHints":{"allow":["GET"]}}],"collection":[{"href":"https:\/\/renewable-carbon.eu\/news\/wp-json\/wp\/v2\/posts"}],"about":[{"href":"https:\/\/renewable-carbon.eu\/news\/wp-json\/wp\/v2\/types\/post"}],"author":[{"embeddable":true,"href":"https:\/\/renewable-carbon.eu\/news\/wp-json\/wp\/v2\/users\/3"}],"replies":[{"embeddable":true,"href":"https:\/\/renewable-carbon.eu\/news\/wp-json\/wp\/v2\/comments?post=4734"}],"version-history":[{"count":0,"href":"https:\/\/renewable-carbon.eu\/news\/wp-json\/wp\/v2\/posts\/4734\/revisions"}],"wp:attachment":[{"href":"https:\/\/renewable-carbon.eu\/news\/wp-json\/wp\/v2\/media?parent=4734"}],"wp:term":[{"taxonomy":"category","embeddable":true,"href":"https:\/\/renewable-carbon.eu\/news\/wp-json\/wp\/v2\/categories?post=4734"},{"taxonomy":"post_tag","embeddable":true,"href":"https:\/\/renewable-carbon.eu\/news\/wp-json\/wp\/v2\/tags?post=4734"},{"taxonomy":"supplier","embeddable":true,"href":"https:\/\/renewable-carbon.eu\/news\/wp-json\/wp\/v2\/supplier?post=4734"}],"curies":[{"name":"wp","href":"https:\/\/api.w.org\/{rel}","templated":true}]}}