{"id":4732,"date":"2000-04-17T00:00:00","date_gmt":"2000-04-16T22:00:00","guid":{"rendered":"http:\/\/www.bio-based.eu\/news\/index.php?startid=20000417-02n"},"modified":"2000-04-17T00:00:00","modified_gmt":"2000-04-16T22:00:00","slug":"spanien-strom-aus-disteln","status":"publish","type":"post","link":"https:\/\/renewable-carbon.eu\/news\/spanien-strom-aus-disteln\/","title":{"rendered":"Spanien: Strom aus Disteln"},"content":{"rendered":"<p>In zwei Jahren sollen in den spanischen Provinzen Burgos und Huesca die weltweit ersten Biomasse-Kraftwerke ans Netz gehen, die mit Biomasse aus Disteln versorgt werden. Die Kraftwerke sollen 60.000 Menschen mit Energie versorgen. <i>Cynara cardunculus<\/i> hei\u00dft das Distelgew\u00e4chs, das die H\u00f6he von Zuckerrohrstauden erreicht. Die Pflanze wird auf 10.000 Hektar Anbaufl\u00e4che wachsen. In 15j\u00e4hriger Forschungsarbeit wurde die Distel in ihrer jetzigen genver\u00e4nderten Form an das spanische Klima angepasst. Sie ben\u00f6tigt nur 400 Millimeter Regenwasser im Jahr und \u00fcberlebt auch trockene, hei\u00dfe Sommer.  Nach zwei Jahren erreichen die Disteln ihre optimale Nutzgr\u00f6\u00dfe. Der Anbau wird von der EU subventioniert.\n<\/p>\n<p>Autor: Klaus-Martin Meyer (nova)<br \/>\nEndredaktion: Michael Karus (nova)<br \/>\nQuelle: &#8220;Die Welt&#8221; vom 27.04.00.<\/p>\n","protected":false},"excerpt":{"rendered":"<p>In zwei Jahren sollen in den spanischen Provinzen Burgos und Huesca die weltweit ersten Biomasse-Kraftwerke ans Netz gehen, die mit Biomasse aus Disteln versorgt werden.<\/p>\n","protected":false},"author":3,"featured_media":0,"comment_status":"closed","ping_status":"closed","sticky":false,"template":"","format":"standard","meta":{"_seopress_robots_primary_cat":"","nova_meta_subtitle":"","footnotes":""},"categories":[5572],"tags":[],"supplier":[],"class_list":["post-4732","post","type-post","status-publish","format-standard","hentry","category-bio-based"],"_links":{"self":[{"href":"https:\/\/renewable-carbon.eu\/news\/wp-json\/wp\/v2\/posts\/4732","targetHints":{"allow":["GET"]}}],"collection":[{"href":"https:\/\/renewable-carbon.eu\/news\/wp-json\/wp\/v2\/posts"}],"about":[{"href":"https:\/\/renewable-carbon.eu\/news\/wp-json\/wp\/v2\/types\/post"}],"author":[{"embeddable":true,"href":"https:\/\/renewable-carbon.eu\/news\/wp-json\/wp\/v2\/users\/3"}],"replies":[{"embeddable":true,"href":"https:\/\/renewable-carbon.eu\/news\/wp-json\/wp\/v2\/comments?post=4732"}],"version-history":[{"count":0,"href":"https:\/\/renewable-carbon.eu\/news\/wp-json\/wp\/v2\/posts\/4732\/revisions"}],"wp:attachment":[{"href":"https:\/\/renewable-carbon.eu\/news\/wp-json\/wp\/v2\/media?parent=4732"}],"wp:term":[{"taxonomy":"category","embeddable":true,"href":"https:\/\/renewable-carbon.eu\/news\/wp-json\/wp\/v2\/categories?post=4732"},{"taxonomy":"post_tag","embeddable":true,"href":"https:\/\/renewable-carbon.eu\/news\/wp-json\/wp\/v2\/tags?post=4732"},{"taxonomy":"supplier","embeddable":true,"href":"https:\/\/renewable-carbon.eu\/news\/wp-json\/wp\/v2\/supplier?post=4732"}],"curies":[{"name":"wp","href":"https:\/\/api.w.org\/{rel}","templated":true}]}}