{"id":4727,"date":"2000-04-28T00:00:00","date_gmt":"2000-04-27T22:00:00","guid":{"rendered":"http:\/\/www.bio-based.eu\/news\/index.php?startid=20000429-01n"},"modified":"2000-04-28T00:00:00","modified_gmt":"2000-04-27T22:00:00","slug":"hanf-faser-fabrik-uckermark-handelsblattbericht-und-neuer-gesellschafter","status":"publish","type":"post","link":"https:\/\/renewable-carbon.eu\/news\/hanf-faser-fabrik-uckermark-handelsblattbericht-und-neuer-gesellschafter\/","title":{"rendered":"Hanf-Faser-Fabrik Uckermark: Handelsblattbericht und neuer Gesellschafter"},"content":{"rendered":"<p>In der Rubrik Unternehmensgr\u00fcndung in der &#8220;Karriere und Managment&#8221;-Beilage berichtete das Handelsblatt ausf\u00fchrlich \u00fcber den Unternehmensgr\u00fcnder Rainer Nowotny und seine Firma Hanf-Faser-Fabrik Uckermark GmbH. Nach Angaben des Handelsblattes hat sich der Brandenburger Pionierunternehmer zum Ziel gesetzt, Hanf als vielf\u00e4ltig einsetzbaren Industrierohstoff zu vermarkten. Wobei die Automobilindustrie trotz eines hohen technischen Anspruchsniveaus als lukrativste Kundengruppe angepeilt wird. Nach Auskunft des &#8220;Jungunternehmers&#8221; Rainer Nowotny setzen inzwischen alle gro\u00dfen Automobilkonzerne und auch die Flugzeugbauer auf Naturfasern.\n<\/p>\n<p>Die Hanf-Faser-Fabrik Uckermark GmbH hat zwanzig Landwirte unter Vertrag. Nowotny besch\u00e4ftigt inzwischen zehn Mitarbeiter, die Verarbeitungsanlage alle Pflanzenteile vollst\u00e4ndig verwerten. In das Unternehmen wurden insgesamt 5,5 Mio. DM (2,8 Mio. Euro) investiert, darunter auch Zusch\u00fcsse aus dem Aufschwung Ost und diverse Kredite, die die Deutsche Ausgleichsbank vermittelte.\n<\/p>\n<p>\u00dcber die Beteiligungsagentur der Deutschen Ausgleichsbank (DtA) fand Nowotny einen Partner, Wolfgang Kluge, der die \u00f6kologische Konzeption des Betriebs mittr\u00e4gt. 800.000 DM brachte der neue Gesellschafter ein, der sich vor allem um die betriebswirtschaftlichen Belange der Firma k\u00fcmmern wird. Kluge hat einen Ingenieur-Abschluss in Fahrzeugtechnik und glaubt, dass die Automobilindustrie &#8220;als Gesch\u00e4ftsschwerpunkt zukunftsweisend ist, weil dort zunehmend Kunststoffe durch Naturmaterialien ersetzt werden&#8221;. \u00dcber einen B\u00f6rsengang, so das Handesblatt, denken beide Gesellschafter nach.\n<\/p>\n<p>Siehe auch Meldungen vom <a HREF=\"http:\/\/www.bio-based.eu\/cgi-bin\/mih\/artikel.pl?id=-ID-&#038;artikel=19991104-01.news\">04.11.99<\/a> und <a HREF=\"http:\/\/www.bio-based.eu\/cgi-bin\/mih\/artikel.pl?id=-ID-&#038;artikel=19990426-01.news\">26.04.99<\/a>.<\/p>\n<p>Autor: Klaus-Martin Meyer (nova)<br \/>\nEndredaktion: Michael Karus (nova)<br \/>\nQuelle: Handelsblatt Wochenendausgabe vom 28.\/29.04.00.<\/p>\n","protected":false},"excerpt":{"rendered":"<p>In der Rubrik Unternehmensgr&uuml;ndung in der &#8220;Karriere und Managment&#8221;-Beilage berichtete das Handelsblatt ausf&uuml;hrlich &uuml;ber den Unternehmensgr&uuml;nder Rainer Nowotny und seine Firma Hanf-Faser-Fabrik Uckermark GmbH. Nach<\/p>\n","protected":false},"author":3,"featured_media":0,"comment_status":"closed","ping_status":"closed","sticky":false,"template":"","format":"standard","meta":{"_seopress_robots_primary_cat":"","nova_meta_subtitle":"","footnotes":""},"categories":[5572],"tags":[],"supplier":[],"class_list":["post-4727","post","type-post","status-publish","format-standard","hentry","category-bio-based"],"_links":{"self":[{"href":"https:\/\/renewable-carbon.eu\/news\/wp-json\/wp\/v2\/posts\/4727","targetHints":{"allow":["GET"]}}],"collection":[{"href":"https:\/\/renewable-carbon.eu\/news\/wp-json\/wp\/v2\/posts"}],"about":[{"href":"https:\/\/renewable-carbon.eu\/news\/wp-json\/wp\/v2\/types\/post"}],"author":[{"embeddable":true,"href":"https:\/\/renewable-carbon.eu\/news\/wp-json\/wp\/v2\/users\/3"}],"replies":[{"embeddable":true,"href":"https:\/\/renewable-carbon.eu\/news\/wp-json\/wp\/v2\/comments?post=4727"}],"version-history":[{"count":0,"href":"https:\/\/renewable-carbon.eu\/news\/wp-json\/wp\/v2\/posts\/4727\/revisions"}],"wp:attachment":[{"href":"https:\/\/renewable-carbon.eu\/news\/wp-json\/wp\/v2\/media?parent=4727"}],"wp:term":[{"taxonomy":"category","embeddable":true,"href":"https:\/\/renewable-carbon.eu\/news\/wp-json\/wp\/v2\/categories?post=4727"},{"taxonomy":"post_tag","embeddable":true,"href":"https:\/\/renewable-carbon.eu\/news\/wp-json\/wp\/v2\/tags?post=4727"},{"taxonomy":"supplier","embeddable":true,"href":"https:\/\/renewable-carbon.eu\/news\/wp-json\/wp\/v2\/supplier?post=4727"}],"curies":[{"name":"wp","href":"https:\/\/api.w.org\/{rel}","templated":true}]}}