{"id":4649,"date":"1999-09-01T00:00:00","date_gmt":"1999-08-31T22:00:00","guid":{"rendered":"http:\/\/www.bio-based.eu\/news\/index.php?startid=19990901-01n"},"modified":"1999-09-01T00:00:00","modified_gmt":"1999-08-31T22:00:00","slug":"neue-flachs-daemmstofffabrik-in-prenzlau-soll-im-sommer-2000-mit-der-produktion-beginnen","status":"publish","type":"post","link":"https:\/\/renewable-carbon.eu\/news\/neue-flachs-daemmstofffabrik-in-prenzlau-soll-im-sommer-2000-mit-der-produktion-beginnen\/","title":{"rendered":"Neue Flachs-D\u00e4mmstofffabrik in Prenzlau soll im Sommer 2000 mit der Produktion beginnen"},"content":{"rendered":"<p>Das Projekt der Firma Hartmann GmbH &#038; Co. KG weist ein Finanzvolumen rund 100 Millionen DM (incl. Projektierungskosten) auf, von denen der gr\u00f6\u00dfte Teil F\u00f6rdermittel sind bzw. durch Landesb\u00fcrgschaften gedeckt ist.<br \/>\nDie Anlage, die sowohl eine Faseraufschlussanlage (Hersteller: Temafa (D) und Charle (B)) als auch eine Vliesanlage zur D\u00e4mmstoffproduktion enthalten soll, ensteht im Gewerbegebiet Nord in Prenzlau zwischen einem Betonmischwerk und einem Autohaus auf einer Fl\u00e4che von 60.000 qm. Erste Planungen gingen urspr\u00fcnglich von einem Produktionsstart im Juni\/Juli 1997 aus. Durch Verz\u00f6gerungen bei F\u00f6rdermitteln und Baugenehmigungen soll der Probebetrieb nun voraussichtlich im Juni\/Juli 2000 erfolgen. Zweifeln an Realisierbarkeit der jetzigen Planungen tritt die Beauftragte der Firma Hartmann Dr. Anne Ringleb entgegen. Nach ihren Angaben ben\u00f6tigt die Firma bereits im Jahr 2000 &#8220;ordentlich Flachs&#8221;. Bisher hat die D\u00e4mmstofffirma bei Landwirten der Region Flachs auf lediglich 300 Hektar unter Vertrag genommen. Die Landwirte in der Uckermark halten sich beim Flachsanbau allerdings zur\u00fcck. Notfalls kann die D\u00e4mmstoffproduktion auch mit preiswerten Importfasern aus Polen oder Belgien versorgt werden.<br \/>\nBei voller Produktion sollen in der neuen Flachsverabeitungsstrecke etwa 85 Arbeitspl\u00e4tze entstehen.\n<\/p>\n<p>Autor: Klaus-Martin Meyer (nova) und Michael Karus (nova)<br \/>\nEndredaktion: Michael Karus (nova)<br \/>\nQuelle: Nordkurier-Online vom 01.09.99 und nova-Archiv<\/p>\n","protected":false},"excerpt":{"rendered":"<p>Das Projekt der Firma Hartmann GmbH &amp; Co. KG weist ein Finanzvolumen rund 100 Millionen DM (incl. Projektierungskosten) auf, von denen der gr&ouml;&szlig;te Teil F&ouml;rdermittel<\/p>\n","protected":false},"author":3,"featured_media":0,"comment_status":"closed","ping_status":"closed","sticky":false,"template":"","format":"standard","meta":{"_seopress_robots_primary_cat":"","nova_meta_subtitle":"","footnotes":""},"categories":[5572],"tags":[],"supplier":[],"class_list":["post-4649","post","type-post","status-publish","format-standard","hentry","category-bio-based"],"_links":{"self":[{"href":"https:\/\/renewable-carbon.eu\/news\/wp-json\/wp\/v2\/posts\/4649","targetHints":{"allow":["GET"]}}],"collection":[{"href":"https:\/\/renewable-carbon.eu\/news\/wp-json\/wp\/v2\/posts"}],"about":[{"href":"https:\/\/renewable-carbon.eu\/news\/wp-json\/wp\/v2\/types\/post"}],"author":[{"embeddable":true,"href":"https:\/\/renewable-carbon.eu\/news\/wp-json\/wp\/v2\/users\/3"}],"replies":[{"embeddable":true,"href":"https:\/\/renewable-carbon.eu\/news\/wp-json\/wp\/v2\/comments?post=4649"}],"version-history":[{"count":0,"href":"https:\/\/renewable-carbon.eu\/news\/wp-json\/wp\/v2\/posts\/4649\/revisions"}],"wp:attachment":[{"href":"https:\/\/renewable-carbon.eu\/news\/wp-json\/wp\/v2\/media?parent=4649"}],"wp:term":[{"taxonomy":"category","embeddable":true,"href":"https:\/\/renewable-carbon.eu\/news\/wp-json\/wp\/v2\/categories?post=4649"},{"taxonomy":"post_tag","embeddable":true,"href":"https:\/\/renewable-carbon.eu\/news\/wp-json\/wp\/v2\/tags?post=4649"},{"taxonomy":"supplier","embeddable":true,"href":"https:\/\/renewable-carbon.eu\/news\/wp-json\/wp\/v2\/supplier?post=4649"}],"curies":[{"name":"wp","href":"https:\/\/api.w.org\/{rel}","templated":true}]}}