{"id":4648,"date":"1999-09-01T00:00:00","date_gmt":"1999-08-31T22:00:00","guid":{"rendered":"http:\/\/www.bio-based.eu\/news\/index.php?startid=19990901-02n"},"modified":"1999-09-01T00:00:00","modified_gmt":"1999-08-31T22:00:00","slug":"dnv-mitgliederversammlung-in-erfurt","status":"publish","type":"post","link":"https:\/\/renewable-carbon.eu\/news\/dnv-mitgliederversammlung-in-erfurt\/","title":{"rendered":"DNV-Mitgliederversammlung in Erfurt"},"content":{"rendered":"<p>18 der 36 Mitglieder des Deutschen Naturfaserverbandes trafen sich in Erfurt im Rahmen des &#8220;2. Internationalen Symposiums&#8221; und der &#8220;1. Fachausstellung f\u00fcr Nachwachsende Rohstoffe und Technologie&#8221; zum Thema &#8220;Werkstoffe aus Nachwachsenden Rohstoffen&#8221; in der Messe Erfurt.\n<\/p>\n<p>Der Entlastung des Vorstandes folgte die Neuwahl des Vorstandes. Die bisherigen Vorstandsmitglieder:<\/p>\n<ul>\n<li>Dr. Anne Ringleb, M. Hartmann GmbH &#038; Co. KG (Prenzlau)<\/li>\n<li>Bernd-Egbert B\u00f6ttcher, Erzeugerring f\u00fcr Flachs &#038; \u00d6llein (Aichach)<\/li>\n<li>Bernd Frank, Badische Naturfaseraufbereitung GmbH (Malsch)<\/li>\n<li>Hermann Brockmann, Beratungsring Aschenforf (Aschendorf) wurden wiedergew\u00e4hlt.<br \/>\nF\u00fcr den nicht zur Wiederwahl zur Verf\u00fcgung stehenden<\/li>\n<li>Paul Petersen, ehem. Deutscher Flachsverband (Emmelshausen) wurde<\/li>\n<li>Oskar Meyer, MBR Agrar-Service Taunus-Westerwald GmbH (Montabaur) in den Vorstand gew\u00e4hlt;<br \/>\n<br \/>\nFrau Ringleb wurde vom Vorstand als Vorsitzende bestimmt.<\/li>\n<li>Torsten Br\u00fcckner, Sachsen-Leinen e.V. (Waldenburg) bleibt Gesch\u00e4ftsf\u00fchrer des Verbandes.<\/li>\n<\/ul>\n<p>Wichtigster Punkt der Tagesordnung waren \u00c4nderungen der Satzung und der Gesch\u00e4ftsordnung, die wie vorgelegt angenommen wurden. Zuk\u00fcnftig gibt es keine Trennung mehr zwischen ordentlichen und F\u00f6rdermitgliedern. Alle Mitglieder sind stimmberechtigt. Anbauer und Erstverarbeiter (Faseraufschluss) erhalten pro Hektar Anbaufl\u00e4che Flachs oder Hanf eine Stimme, alle anderen Mitglieder haben genau eine Stimme.<br \/>\n<i>(Anmerkung: In der Praxis f\u00fchrt dies dazu, dass Landwirte und Erstverarbeiter \u00fcber nahezu alle Stimmen verf\u00fcgen, w\u00e4hrend Weiterverarbeiter keinen relevanten Stimmeneinfluss aus\u00fcben k\u00f6nnen. Die damit erneut festgelegte Agrarlastigkeit des Verbandes wurde in der Vergangenheit von Weiterverarbeitern und Instituten wiederholt kritisiert, nicht aber auf der Sitzung vom 01.09.99.)<\/i>\n<\/p>\n<p>Weitere Beschl\u00fcsse:<br \/>\nDer DNV \u00f6ffnet sich allen Faserpflanzen. Es heisst jetzt &#8220;Flachs und Hanf und andere Faserpflanzen&#8221;, womit insbesondere Fasernessel, Miscanthus und Kenaf gemeint sind.<br \/>\nUm die inhaltliche Arbeit im DNV zu vertiefen, sollen verschiedene Arbeitsgruppen gebildet werden, so z.B. zum Thema &#8220;Vliese und Filze&#8221; oder &#8220;Verbundwerkstoffe&#8221;. Hier sollen vor allem die Weiterverarbeiter eingebunden werden.<br \/>\nDie DNV-Mitgliederzeitung &#8220;Fachinformationsblatt Faserpflanzen&#8221; wird ab sofort auch im Internet erscheinen und zwar im &#8220;MIH Internet-Dienstleistungszentrum&#8221; des nova-Instituts (&#8220;Hanfwirtschaft online&#8221;).<br \/>\nOliver Jux (BML) berichtete von aktuellen Entwicklungen in Br\u00fcssel. Im Herbst ist eine neue Marktordnung f\u00fcr Flachs und Hanf zu erwarten. Konkretes wurde bisher nicht bekannt. Es ist  fraglich, ob schon f\u00fcr das n\u00e4chste Wirtschaftsjahr eine grundlegende Reform kommen wird. Im Internetbereich der EU tauchte vor kurzem ein alter Vorschlag erneut auf, nach dem f\u00fcr die Fl\u00e4chenbeihilfe nationale Maximalbetr\u00e4ge festgelegt werden (&#8220;Deckelung&#8221;). Steigt die Anbaufl\u00e4che eines Landes an, so sinkt die fl\u00e4chenbezogene Beihilfe automatisch. Gegen den Vorschlag hatte es damals heftigen Widerstand gegeben.<br \/>\nAndererseits ist die Kommission aufgrund der Subventionsbetrugs-Vorf\u00e4lle in Spanien (siehe auch <a href=\"http:\/\/www.bio-based.eu\/cgi-bin\/mih\/artikel.pl?id=-ID-&#038;artikel=19990602-01.news\"> Meldung vom 02.06.99<\/a>) unter Zugzwang, in geeigneter Form zu reagieren.<\/p>\n<p>Autor und Endredaktion: Michael Karus (nova)<\/p>\n","protected":false},"excerpt":{"rendered":"<p>18 der 36 Mitglieder des Deutschen Naturfaserverbandes trafen sich in Erfurt im Rahmen des &#8220;2. Internationalen Symposiums&#8221; und der &#8220;1. Fachausstellung f&uuml;r Nachwachsende Rohstoffe und<\/p>\n","protected":false},"author":3,"featured_media":0,"comment_status":"closed","ping_status":"closed","sticky":false,"template":"","format":"standard","meta":{"_seopress_robots_primary_cat":"","nova_meta_subtitle":"","footnotes":""},"categories":[5572],"tags":[],"supplier":[],"class_list":["post-4648","post","type-post","status-publish","format-standard","hentry","category-bio-based"],"_links":{"self":[{"href":"https:\/\/renewable-carbon.eu\/news\/wp-json\/wp\/v2\/posts\/4648","targetHints":{"allow":["GET"]}}],"collection":[{"href":"https:\/\/renewable-carbon.eu\/news\/wp-json\/wp\/v2\/posts"}],"about":[{"href":"https:\/\/renewable-carbon.eu\/news\/wp-json\/wp\/v2\/types\/post"}],"author":[{"embeddable":true,"href":"https:\/\/renewable-carbon.eu\/news\/wp-json\/wp\/v2\/users\/3"}],"replies":[{"embeddable":true,"href":"https:\/\/renewable-carbon.eu\/news\/wp-json\/wp\/v2\/comments?post=4648"}],"version-history":[{"count":0,"href":"https:\/\/renewable-carbon.eu\/news\/wp-json\/wp\/v2\/posts\/4648\/revisions"}],"wp:attachment":[{"href":"https:\/\/renewable-carbon.eu\/news\/wp-json\/wp\/v2\/media?parent=4648"}],"wp:term":[{"taxonomy":"category","embeddable":true,"href":"https:\/\/renewable-carbon.eu\/news\/wp-json\/wp\/v2\/categories?post=4648"},{"taxonomy":"post_tag","embeddable":true,"href":"https:\/\/renewable-carbon.eu\/news\/wp-json\/wp\/v2\/tags?post=4648"},{"taxonomy":"supplier","embeddable":true,"href":"https:\/\/renewable-carbon.eu\/news\/wp-json\/wp\/v2\/supplier?post=4648"}],"curies":[{"name":"wp","href":"https:\/\/api.w.org\/{rel}","templated":true}]}}