{"id":4626,"date":"1999-10-18T00:00:00","date_gmt":"1999-10-17T22:00:00","guid":{"rendered":"http:\/\/www.bio-based.eu\/news\/index.php?startid=19991018-01n"},"modified":"1999-10-18T00:00:00","modified_gmt":"1999-10-17T22:00:00","slug":"jede-dritte-mark-wird-mit-technischen-textilien-erwirtschaftet","status":"publish","type":"post","link":"https:\/\/renewable-carbon.eu\/news\/jede-dritte-mark-wird-mit-technischen-textilien-erwirtschaftet\/","title":{"rendered":"Jede dritte Mark wird mit technischen Textilien erwirtschaftet"},"content":{"rendered":"<p>Deutsche Textilunternehmen setzen immer mehr Geld mit technischen Textilien um. Vor f\u00fcnf Jahren h\u00e4tten die Unternehmen noch jede vierte Mark mit technischen Textilien eingenommen, heute sei es schon jede dritte Mark, sagte Wolf R\u00fcdiger Baumann, Hauptgesch\u00e4ftsf\u00fchrer beim Gesamtverband der deutschen Textilindustrie. Gr\u00f6\u00dfter Abnehmer von technischen Geweben, Vliesen und Filzen ist die Automobilindustrie.<br \/>\nDer Gesamtumsatz der 2.000 deutschen Textilunternehmen liegt nach Angaben des Hauptverbandes bei 53 Milliarden DM pro Jahr.<\/p>\n<p>Autor und Endredaktion: Michael Karus (nova-Institut)<br \/>\nQuelle: Frankfurter Rundschau vom 19.10.1999<\/p>\n","protected":false},"excerpt":{"rendered":"<p>Deutsche Textilunternehmen setzen immer mehr Geld mit technischen Textilien um. Vor f&uuml;nf Jahren h&auml;tten die Unternehmen noch jede vierte Mark mit technischen Textilien eingenommen, heute<\/p>\n","protected":false},"author":3,"featured_media":0,"comment_status":"closed","ping_status":"closed","sticky":false,"template":"","format":"standard","meta":{"_seopress_robots_primary_cat":"","nova_meta_subtitle":"","footnotes":""},"categories":[5572],"tags":[],"supplier":[],"class_list":["post-4626","post","type-post","status-publish","format-standard","hentry","category-bio-based"],"_links":{"self":[{"href":"https:\/\/renewable-carbon.eu\/news\/wp-json\/wp\/v2\/posts\/4626","targetHints":{"allow":["GET"]}}],"collection":[{"href":"https:\/\/renewable-carbon.eu\/news\/wp-json\/wp\/v2\/posts"}],"about":[{"href":"https:\/\/renewable-carbon.eu\/news\/wp-json\/wp\/v2\/types\/post"}],"author":[{"embeddable":true,"href":"https:\/\/renewable-carbon.eu\/news\/wp-json\/wp\/v2\/users\/3"}],"replies":[{"embeddable":true,"href":"https:\/\/renewable-carbon.eu\/news\/wp-json\/wp\/v2\/comments?post=4626"}],"version-history":[{"count":0,"href":"https:\/\/renewable-carbon.eu\/news\/wp-json\/wp\/v2\/posts\/4626\/revisions"}],"wp:attachment":[{"href":"https:\/\/renewable-carbon.eu\/news\/wp-json\/wp\/v2\/media?parent=4626"}],"wp:term":[{"taxonomy":"category","embeddable":true,"href":"https:\/\/renewable-carbon.eu\/news\/wp-json\/wp\/v2\/categories?post=4626"},{"taxonomy":"post_tag","embeddable":true,"href":"https:\/\/renewable-carbon.eu\/news\/wp-json\/wp\/v2\/tags?post=4626"},{"taxonomy":"supplier","embeddable":true,"href":"https:\/\/renewable-carbon.eu\/news\/wp-json\/wp\/v2\/supplier?post=4626"}],"curies":[{"name":"wp","href":"https:\/\/api.w.org\/{rel}","templated":true}]}}