{"id":4621,"date":"1999-11-01T00:00:00","date_gmt":"1999-10-31T22:00:00","guid":{"rendered":"http:\/\/www.bio-based.eu\/news\/index.php?startid=19991101-02n"},"modified":"1999-11-01T00:00:00","modified_gmt":"1999-10-31T22:00:00","slug":"fachzeitschrift-technische-textilien-mit-schwerpunkt-hanf-flachs","status":"publish","type":"post","link":"https:\/\/renewable-carbon.eu\/news\/fachzeitschrift-technische-textilien-mit-schwerpunkt-hanf-flachs\/","title":{"rendered":"Fachzeitschrift Technische Textilien mit Schwerpunkt Hanf &amp; Flachs"},"content":{"rendered":"<p>Die f\u00fchrende Fachzeitschrift &#8220;Technische Textilien&#8221; bringt in ihrer November-Ausgabe mehrere Beitr\u00e4ge zum Thema Hanf und Flachs:<\/p>\n<ul>\n<li>Hanf- und Flachsfaserm\u00e4rkte in der EU (Karus, Kaup, David &#8211; nova-Institut)<\/li>\n<li>M\u00f6glichkeiten zur Charakterisierung von Festigkeit, Feinheit und L\u00e4nge von Bastfasern (Drieling, B\u00e4umer, M\u00fcssig, Harig &#8211; Faserinstitut Bremen)<\/li>\n<li>Nachwachsende Rohstoffe &#8211; Innovative Werkstoffe und Technologien<\/li>\n<li>Verfahrensentwicklung zur Herstellung von Langfasergranulat aus Stapelfasermischungen (Reu\u00dfmann, Mieck. Th\u00fcringisches Institut f\u00fcr Textil- und Kunststoff-Forschung)<\/li>\n<li>Anlagentechnik zur Herstellung von Langfasergranulat (Henkel, Engineering und Projectmanagement Consulting)<\/li>\n<li>Inbetriebnahme von Flaxoprop und IsoCotton<\/li>\n<li>Flachsstrickmaschinen f\u00fcr technische Textilien<\/li>\n<\/ul>\n<p>Kontakt: Technische Textilien, Mainzer Landstr. 251, 60326 Frankfurt am Main<br Tel.: 069-75 95 13 91, Fax: 069-75 95 13 90<br \/>\nE-Mail: <a HREF=\"mailto:edi-tt@dfv.de\">edi-tt@dfv.de<\/a>\n<\/p>\n<p>Autor und Endredaktion: Michael Karus (nova)<br \/>\nQuelle: Technische Textilien, Jahrgang 42, Heft 4 (11\/99)<\/p>\n","protected":false},"excerpt":{"rendered":"<p>Die f&uuml;hrende Fachzeitschrift &#8220;Technische Textilien&#8221; bringt in ihrer November-Ausgabe mehrere Beitr&auml;ge zum Thema Hanf und Flachs:\n<\/p>\n<ul>\n<li>Hanf- und Flachsfaserm&auml;rkte in der EU (Karus, Kaup, David &#8211;<\/li>\n<\/ul>\n","protected":false},"author":3,"featured_media":0,"comment_status":"closed","ping_status":"closed","sticky":false,"template":"","format":"standard","meta":{"_seopress_robots_primary_cat":"","nova_meta_subtitle":"","footnotes":""},"categories":[5572],"tags":[],"supplier":[],"class_list":["post-4621","post","type-post","status-publish","format-standard","hentry","category-bio-based"],"_links":{"self":[{"href":"https:\/\/renewable-carbon.eu\/news\/wp-json\/wp\/v2\/posts\/4621","targetHints":{"allow":["GET"]}}],"collection":[{"href":"https:\/\/renewable-carbon.eu\/news\/wp-json\/wp\/v2\/posts"}],"about":[{"href":"https:\/\/renewable-carbon.eu\/news\/wp-json\/wp\/v2\/types\/post"}],"author":[{"embeddable":true,"href":"https:\/\/renewable-carbon.eu\/news\/wp-json\/wp\/v2\/users\/3"}],"replies":[{"embeddable":true,"href":"https:\/\/renewable-carbon.eu\/news\/wp-json\/wp\/v2\/comments?post=4621"}],"version-history":[{"count":0,"href":"https:\/\/renewable-carbon.eu\/news\/wp-json\/wp\/v2\/posts\/4621\/revisions"}],"wp:attachment":[{"href":"https:\/\/renewable-carbon.eu\/news\/wp-json\/wp\/v2\/media?parent=4621"}],"wp:term":[{"taxonomy":"category","embeddable":true,"href":"https:\/\/renewable-carbon.eu\/news\/wp-json\/wp\/v2\/categories?post=4621"},{"taxonomy":"post_tag","embeddable":true,"href":"https:\/\/renewable-carbon.eu\/news\/wp-json\/wp\/v2\/tags?post=4621"},{"taxonomy":"supplier","embeddable":true,"href":"https:\/\/renewable-carbon.eu\/news\/wp-json\/wp\/v2\/supplier?post=4621"}],"curies":[{"name":"wp","href":"https:\/\/api.w.org\/{rel}","templated":true}]}}