{"id":4618,"date":"1999-11-04T00:00:00","date_gmt":"1999-11-03T22:00:00","guid":{"rendered":"http:\/\/www.bio-based.eu\/news\/index.php?startid=19991104-01n"},"modified":"1999-11-04T00:00:00","modified_gmt":"1999-11-03T22:00:00","slug":"neue-faseraufschlussanlage-fuer-hanf-in-kalletal-nrw","status":"publish","type":"post","link":"https:\/\/renewable-carbon.eu\/news\/neue-faseraufschlussanlage-fuer-hanf-in-kalletal-nrw\/","title":{"rendered":"Neue Faseraufschlussanlage f\u00fcr Hanf in Kalletal (NRW)"},"content":{"rendered":"<p>Die Bielefelder Firma &#8220;M\u00f6ller Plast&#8221;, Teil der M\u00f6ller-Gruppe, will ab Fr\u00fchjahr 2000 in einer neuen Faseraufschlussanlage in Kalletal-Hohenhausen (Ostwestfalen-Lippe) Hanfstroh aufschlie\u00dfen. Sowohl Fasern als auch Sch\u00e4ben sollen in Produkte f\u00fcr die Automobilindustrie flie\u00dfen. <br \/>\nZur Zeit stehen bei &#8220;M\u00f6ller plast&#8221; noch die Qualit\u00e4tssicherung des Hanfstrohs und die Anlagentechnik im Mittelpunkt der Arbeit. Die Faseraufschlussanlage werde derzeit installiert. Die Hanfernte diesen Jahres wird dazu eingesetzt, die Technologie zu testen und zu optimieren. Im n\u00e4chsten Jahr soll die Produktion starten. F\u00fcr das Engagement als Erstverarbeiter f\u00fcr Hanf wurde das Unternehmen in Nordrhein-Westfalen mit einem F\u00f6rderpreis ausgezeichnet (siehe <a HREF=\"http:\/\/www.bio-based.eu\/cgi-bin\/mih\/artikel.pl?id=-ID-&#038;artikel=19991021-02.news\">Meldung vom 21.10.99<\/a>). <br \/>\n200 Hektar Hanf sind in diesem Jahr von einer Erzeugergemeinschaft in Ostwestfalen angebaut worden. Die gute Witterung brachte \u00fcberdurchschnittliche Ertr\u00e4ge von bis zu 10 t Stroh pro Hektar. Im n\u00e4chsten Jahr soll die Anbaufl\u00e4che auf 400 ha ausgedehnt werden.<br \/>\nAus dem Hanfstroh will M\u00f6ller Plast Formpressteile f\u00fcr die Automobilproduktion herstellen, z. B. f\u00fcr T\u00fcrverkleidungen oder Hutablagen. Nach Angaben des Bielefelder Unternehmens ist das Material billiger und leichter als bisherige Produkte, zudem sei es sehr rei\u00dffest. <br \/>\nDas Unternehmen forscht im Bereich hochbelastbarer Bauteile aus Hanf und hat bereits zahlreiche Einsatzm\u00f6glichkeiten f\u00fcr den nachwachsenden Rohstoff ausgemacht. Die M\u00f6ller-Gruppe, das \u00e4lteste Bielefelder Industrieunternehmen, besch\u00e4ftigt weltweit etwa 2.400 Mitarbeiter und erwirtschaftet 80 Prozent ihres Umsatzes von rund 600 Mio. DM (305 Mio. Euro) als Autozulieferer.<\/p>\n<p>Autor: Klaus-Martin Meyer (nova)<br \/>\nEndredaktion: Michael Karus (nova)<br \/>\nQuelle: Lippische Landes-Zeitung vom 04.11.99<\/p>\n","protected":false},"excerpt":{"rendered":"<p>Die Bielefelder Firma &#8220;M&ouml;ller Plast&#8221;, Teil der M&ouml;ller-Gruppe, will ab Fr&uuml;hjahr 2000 in einer neuen Faseraufschlussanlage in Kalletal-Hohenhausen (Ostwestfalen-Lippe) Hanfstroh aufschlie&szlig;en. Sowohl Fasern als auch<\/p>\n","protected":false},"author":3,"featured_media":0,"comment_status":"closed","ping_status":"closed","sticky":false,"template":"","format":"standard","meta":{"_seopress_robots_primary_cat":"","nova_meta_subtitle":"","footnotes":""},"categories":[5572],"tags":[],"supplier":[],"class_list":["post-4618","post","type-post","status-publish","format-standard","hentry","category-bio-based"],"_links":{"self":[{"href":"https:\/\/renewable-carbon.eu\/news\/wp-json\/wp\/v2\/posts\/4618","targetHints":{"allow":["GET"]}}],"collection":[{"href":"https:\/\/renewable-carbon.eu\/news\/wp-json\/wp\/v2\/posts"}],"about":[{"href":"https:\/\/renewable-carbon.eu\/news\/wp-json\/wp\/v2\/types\/post"}],"author":[{"embeddable":true,"href":"https:\/\/renewable-carbon.eu\/news\/wp-json\/wp\/v2\/users\/3"}],"replies":[{"embeddable":true,"href":"https:\/\/renewable-carbon.eu\/news\/wp-json\/wp\/v2\/comments?post=4618"}],"version-history":[{"count":0,"href":"https:\/\/renewable-carbon.eu\/news\/wp-json\/wp\/v2\/posts\/4618\/revisions"}],"wp:attachment":[{"href":"https:\/\/renewable-carbon.eu\/news\/wp-json\/wp\/v2\/media?parent=4618"}],"wp:term":[{"taxonomy":"category","embeddable":true,"href":"https:\/\/renewable-carbon.eu\/news\/wp-json\/wp\/v2\/categories?post=4618"},{"taxonomy":"post_tag","embeddable":true,"href":"https:\/\/renewable-carbon.eu\/news\/wp-json\/wp\/v2\/tags?post=4618"},{"taxonomy":"supplier","embeddable":true,"href":"https:\/\/renewable-carbon.eu\/news\/wp-json\/wp\/v2\/supplier?post=4618"}],"curies":[{"name":"wp","href":"https:\/\/api.w.org\/{rel}","templated":true}]}}