{"id":4616,"date":"1999-11-08T00:00:00","date_gmt":"1999-11-07T22:00:00","guid":{"rendered":"http:\/\/www.bio-based.eu\/news\/index.php?startid=19991111-02n"},"modified":"1999-11-08T00:00:00","modified_gmt":"1999-11-07T22:00:00","slug":"deutliche-senkung-der-eu-flaechenbeihilfen-fuer-hanf-und-flachs-kurzfasern-angekuendigt","status":"publish","type":"post","link":"https:\/\/renewable-carbon.eu\/news\/deutliche-senkung-der-eu-flaechenbeihilfen-fuer-hanf-und-flachs-kurzfasern-angekuendigt\/","title":{"rendered":"Deutliche Senkung der EU-Fl\u00e4chenbeihilfen f\u00fcr Hanf- und Flachs-Kurzfasern angek\u00fcndigt"},"content":{"rendered":"<p>EU-Agrarkommissar Franz Fischler (\u00d6sterreich) k\u00fcndigte in Br\u00fcssel eine<br \/>\ngrundlegende \u00dcberarbeitung der EU-Beihilferegelungen f\u00fcr Flachs und Hanf<br \/>\nbereits f\u00fcr das Anbaujahr 2000 an. Erstmalig soll eine Unterscheidung<br \/>\nzwischen Langfaser- und Kurzfaserproduktion eingef\u00fchrt werden. Die<br \/>\nLangfaserlinie soll dabei ein dauerhaft hohes Beihilfeniveau behalten,<br \/>\nw\u00e4hrend die Kurzfaserlinien auf Getreideniveau abfallen sollen.<br \/>\nKonkret ist geplant, die Fl\u00e4chenbeihilfe an die H\u00f6he der \u00d6lleinbeihilfe<br \/>\nzu koppeln (ca. 970 DM\/ha im Wirtschaftsjahr 2000\/2001) und diese dann<br \/>\nstufenweise auf Getreideniveau zu senken (ca. 690 DM\/ha). Als<br \/>\n\u00dcbergangsregelung soll eine zus\u00e4tzliche, mengenbezogene Beihilfe f\u00fcr die<br \/>\nVerarbeitung von Flachs- und Hanfstroh eingef\u00fchrt werden. Diese soll f\u00fcr<br \/>\ndie Langfaserproduktion deutlich h\u00f6her liegen und dauerhaft gew\u00e4hrt<br \/>\nwerden, wohingegen die Verarbeitungsbeihilfe f\u00fcr die Kurzfaserproduktion<br \/>\nbis zum Wirtschaftsjahr 2005\/06 vollst\u00e4ndig auslaufen soll.<br \/>\nAu\u00dferdem ist geplant, f\u00fcr die einzelnen Mitgliedsstaaten &#8220;garantierte<br \/>\nH\u00f6chstmengen&#8221; f\u00fcr die Flachs- und Hanffaserproduktion festzuschreiben,<br \/>\ndie sich an den Produktionsmengen der letzten 5 Jahre orientieren.<br \/>\nSpeziell f\u00fcr Hanf soll die Produktion von Hanfsamen f\u00fcr den<br \/>\nLebensmittelbereich unterbunden werden und importierte, nicht zur<br \/>\nAussaat zertifizierte Hanfsamen sollen zuk\u00fcnftig keimunf\u00e4hig sein. Diese<br \/>\nRegelungen resultieren aus dem Einfluss des Internationalen<br \/>\nSuchtkontrollrates (INCB, Organ der UN), der  bef\u00fcrchtet, dass<br \/>\nHanflebensmittel &#8220;zu einer allgemeinen Verharmlosung von Cannabis&#8221;<br \/>\nbeitragen.<br \/>\nDer vorliegende Kommissionsvorschlag stellt eine ernsthafte<br \/>\nExistenzgefahr f\u00fcr alle neuen Hanfindustrien in der EU dar, die sich auf<br \/>\nKurzfaserlinien f\u00fcr technische Einsatzgebiete konzentriert haben.<br \/>\nLediglich die traditionellen Flachs-Langfaserproduzenten in Frankreich,<br \/>\nBelgien und den Niederlanden kommen mit einem blauen Auge davon.<br \/>\nBis zu einer Verabschiedung der neuen Regelungen durch den<br \/>\nAgrarminister-Rat im Mai 2000 ist noch ein langer Weg, auf dem<br \/>\nsicherlich noch einige \u00c4nderungen durchgesetzt werden k\u00f6nnen. Am 19.<br \/>\nNovember findet in Bonn im Landwirtschaftsministerium eine erste<br \/>\nDiskussionsrunde zum Thema statt.<\/p>\n<p>Autor und Endredaktion: Michael Karus (nova)<br \/>\nQuellen: Reuters Ltd. vom 08.11.99 und BML 11.11.99<\/p>\n","protected":false},"excerpt":{"rendered":"<p>EU-Agrarkommissar Franz Fischler (&Ouml;sterreich) k&uuml;ndigte in Br&uuml;ssel eine<br \/>\ngrundlegende &Uuml;berarbeitung der EU-Beihilferegelungen f&uuml;r Flachs und Hanf<br \/>\nbereits f&uuml;r das Anbaujahr 2000 an. Erstmalig soll eine Unterscheidung<br \/>\nzwischen Langfaser-<\/p>\n","protected":false},"author":3,"featured_media":0,"comment_status":"closed","ping_status":"closed","sticky":false,"template":"","format":"standard","meta":{"_seopress_robots_primary_cat":"","nova_meta_subtitle":"","footnotes":""},"categories":[5572],"tags":[],"supplier":[],"class_list":["post-4616","post","type-post","status-publish","format-standard","hentry","category-bio-based"],"_links":{"self":[{"href":"https:\/\/renewable-carbon.eu\/news\/wp-json\/wp\/v2\/posts\/4616","targetHints":{"allow":["GET"]}}],"collection":[{"href":"https:\/\/renewable-carbon.eu\/news\/wp-json\/wp\/v2\/posts"}],"about":[{"href":"https:\/\/renewable-carbon.eu\/news\/wp-json\/wp\/v2\/types\/post"}],"author":[{"embeddable":true,"href":"https:\/\/renewable-carbon.eu\/news\/wp-json\/wp\/v2\/users\/3"}],"replies":[{"embeddable":true,"href":"https:\/\/renewable-carbon.eu\/news\/wp-json\/wp\/v2\/comments?post=4616"}],"version-history":[{"count":0,"href":"https:\/\/renewable-carbon.eu\/news\/wp-json\/wp\/v2\/posts\/4616\/revisions"}],"wp:attachment":[{"href":"https:\/\/renewable-carbon.eu\/news\/wp-json\/wp\/v2\/media?parent=4616"}],"wp:term":[{"taxonomy":"category","embeddable":true,"href":"https:\/\/renewable-carbon.eu\/news\/wp-json\/wp\/v2\/categories?post=4616"},{"taxonomy":"post_tag","embeddable":true,"href":"https:\/\/renewable-carbon.eu\/news\/wp-json\/wp\/v2\/tags?post=4616"},{"taxonomy":"supplier","embeddable":true,"href":"https:\/\/renewable-carbon.eu\/news\/wp-json\/wp\/v2\/supplier?post=4616"}],"curies":[{"name":"wp","href":"https:\/\/api.w.org\/{rel}","templated":true}]}}