{"id":4614,"date":"1999-11-14T00:00:00","date_gmt":"1999-11-13T22:00:00","guid":{"rendered":"http:\/\/www.bio-based.eu\/news\/index.php?startid=19991114-01n"},"modified":"1999-11-14T00:00:00","modified_gmt":"1999-11-13T22:00:00","slug":"marktpreise-fuer-flachs-ziehen-an","status":"publish","type":"post","link":"https:\/\/renewable-carbon.eu\/news\/marktpreise-fuer-flachs-ziehen-an\/","title":{"rendered":"Marktpreise f\u00fcr Flachs ziehen an"},"content":{"rendered":"<p>Die Marktpreise f\u00fcr Langfaserflachs bewegen sich zur Zeit auch im Bereich mittlerer und besserer Qualit\u00e4ten. Nachdem in den letzten Monaten die Preise  f\u00fcr Langfaserflachs f\u00fcr Spinnereien in Osteuropa und Fernost deutlich nach oben tendierten, ziehen nun auch die Preise f\u00fcr mittlere Qualit\u00e4ten nach und haben die Marke von 1,5 EURO\/kg deutlich \u00fcberschritten. Der Preisabstand zwischen mittleren und besseren Qualit\u00e4ten ist mit etwa 0,20 EURO\/kg allerdings noch recht gering.<br \/>\nBei den guten und besseren Qualit\u00e4ten zeigt sich auch am Markt f\u00fcr gereinigte Schwungwerge eine festere Preistendenz. Die Gr\u00fcnde hierf\u00fcr k\u00f6nnten in einer gewissen Substitution von minderem Langfaserflachs durch bestes Werg in gr\u00f6beren Garnnummmern und eine leicht verbesserte Situation im Mischgarnbereich liegen. Au\u00dferdem spielt der signifikant verringerte Werganfall aus der laufenden Produktion eine Rolle. Noch keine Preissteigerungen haben sich bei minderem Werg ergeben. Es ist allerdings auch hier wegen mittelfristig sinkender Produktionsmengen mit anziehenden Preisen zu rechnen.\n<\/p>\n<p>Autor: Klaus-Martin Meyer (nova)<br Endredaktion: Michael Karus (nova)<br \/>\nQuelle: Egon Heger in den <a HREF=\"http:\/\/www.flachs.de\/\">www.flachs.de<\/a>-News von 09. + 14.11.99<\/p>\n","protected":false},"excerpt":{"rendered":"<p>Die Marktpreise f&uuml;r Langfaserflachs bewegen sich zur Zeit auch im Bereich mittlerer und besserer Qualit&auml;ten. Nachdem in den letzten Monaten die Preise  f&uuml;r Langfaserflachs<\/p>\n","protected":false},"author":3,"featured_media":0,"comment_status":"closed","ping_status":"closed","sticky":false,"template":"","format":"standard","meta":{"_seopress_robots_primary_cat":"","nova_meta_subtitle":"","footnotes":""},"categories":[5572],"tags":[],"supplier":[],"class_list":["post-4614","post","type-post","status-publish","format-standard","hentry","category-bio-based"],"_links":{"self":[{"href":"https:\/\/renewable-carbon.eu\/news\/wp-json\/wp\/v2\/posts\/4614","targetHints":{"allow":["GET"]}}],"collection":[{"href":"https:\/\/renewable-carbon.eu\/news\/wp-json\/wp\/v2\/posts"}],"about":[{"href":"https:\/\/renewable-carbon.eu\/news\/wp-json\/wp\/v2\/types\/post"}],"author":[{"embeddable":true,"href":"https:\/\/renewable-carbon.eu\/news\/wp-json\/wp\/v2\/users\/3"}],"replies":[{"embeddable":true,"href":"https:\/\/renewable-carbon.eu\/news\/wp-json\/wp\/v2\/comments?post=4614"}],"version-history":[{"count":0,"href":"https:\/\/renewable-carbon.eu\/news\/wp-json\/wp\/v2\/posts\/4614\/revisions"}],"wp:attachment":[{"href":"https:\/\/renewable-carbon.eu\/news\/wp-json\/wp\/v2\/media?parent=4614"}],"wp:term":[{"taxonomy":"category","embeddable":true,"href":"https:\/\/renewable-carbon.eu\/news\/wp-json\/wp\/v2\/categories?post=4614"},{"taxonomy":"post_tag","embeddable":true,"href":"https:\/\/renewable-carbon.eu\/news\/wp-json\/wp\/v2\/tags?post=4614"},{"taxonomy":"supplier","embeddable":true,"href":"https:\/\/renewable-carbon.eu\/news\/wp-json\/wp\/v2\/supplier?post=4614"}],"curies":[{"name":"wp","href":"https:\/\/api.w.org\/{rel}","templated":true}]}}