{"id":4610,"date":"1999-11-18T00:00:00","date_gmt":"1999-11-17T22:00:00","guid":{"rendered":"http:\/\/www.bio-based.eu\/news\/index.php?startid=19991118-01n"},"modified":"1999-11-18T00:00:00","modified_gmt":"1999-11-17T22:00:00","slug":"abschlussdeckel-fuer-einen-basslautsprecher-aus-hanf-flachs-und-sisal","status":"publish","type":"post","link":"https:\/\/renewable-carbon.eu\/news\/abschlussdeckel-fuer-einen-basslautsprecher-aus-hanf-flachs-und-sisal\/","title":{"rendered":"Abschlussdeckel f\u00fcr einen Basslautsprecher aus Hanf, Flachs und Sisal"},"content":{"rendered":"<p>Die Firma <a HREF=\"http:\/\/www.emwe.com\/\">emwe Schallwandler &#038; Systeme<\/a> hat einen Abschlussdeckel f\u00fcr Basslautsprecher aus einem Faserverbundwerkstoff auf Basis von Hanf, Flachs und Sisal entwickelt. Der neue Werkstoff wurde vom Deutschen Zentrum f\u00fcr Luft- und Raumfahrt in Braunschweig entwickelt und kann unter W\u00e4rmeeinwirkung verformt werden.<br \/>\nDer Abschlussdeckel aus den nachwachsenden Rohstoffen entpuppte sich nach Angaben der Firma emwe als ausgesprochen gut verglichen mit Deckeln aus Aluminium oder Holz. Der 2.600 g schwere Aluminiumdeckel ist bei tiefen Frequenzen fast schallundurchl\u00e4ssig, bei zu hohen Frequenzen schwingt er wie eine Glocke. Er kann nichts absorbieren, also in W\u00e4rme umsetzen. Ein Holzdeckel verh\u00e4lt sich genau umgekehrt. Der neue Deckel aus dem Verbundmaterial hat eine bessere akustische Stabilit\u00e4t und vereinigt jeweils die guten Eigenschaften von Aluminium bzw. Holz und dies bei einem Gewicht von lediglich 530 g.<br \/>\nSiehe auch Meldung vom <a HREF=\"http:\/\/www.bio-based.eu\/cgi-bin\/mih\/artikel.pl?id=-ID-&#038;artikel=19990923-01.news\">23.09.99<\/a>.\n<\/p>\n<p>Kontakt:<br \/>\nMartin Westhoff, emwe Schallwandler &#038; Systeme<br \/>\nB\u00fchlberg 83, 4519 Diemelsee<br \/>\nTel.: 05633 &#8211; 99 22 51, Fax: 05633 &#8211; 99 22 53<br \/>\nE-Mail: <a HREF=\"mailto:Mwesthoff@emwe.com\">Mwesthoff@emwe.com<\/a><br \/>\n, Homepage: <a HREF=\"http:\/\/www.emwe.com\/\">http:\/\/www.emwe.com<\/a>\n<\/p>\n<p>Autor: Klaus-Martin Meyer (nova)<br \/>\nEndredaktion: Michael Karus (nova)<br \/>\nQuellen: E-Mail von Martin Westhoff, Firma emwe; <a HREF=\"http:\/\/www.riko.net\/\">www.riko.net<\/a> &#8211; News vom 18.11.99<\/p>\n","protected":false},"excerpt":{"rendered":"<p>Die Firma <a href=\"http:\/\/www.emwe.com\/\">emwe Schallwandler &amp; Systeme<\/a> hat einen Abschlussdeckel f&uuml;r Basslautsprecher aus einem Faserverbundwerkstoff auf Basis von Hanf, Flachs und Sisal entwickelt. Der neue<\/p>\n","protected":false},"author":3,"featured_media":0,"comment_status":"closed","ping_status":"closed","sticky":false,"template":"","format":"standard","meta":{"_seopress_robots_primary_cat":"","nova_meta_subtitle":"","footnotes":""},"categories":[5572],"tags":[],"supplier":[],"class_list":["post-4610","post","type-post","status-publish","format-standard","hentry","category-bio-based"],"_links":{"self":[{"href":"https:\/\/renewable-carbon.eu\/news\/wp-json\/wp\/v2\/posts\/4610","targetHints":{"allow":["GET"]}}],"collection":[{"href":"https:\/\/renewable-carbon.eu\/news\/wp-json\/wp\/v2\/posts"}],"about":[{"href":"https:\/\/renewable-carbon.eu\/news\/wp-json\/wp\/v2\/types\/post"}],"author":[{"embeddable":true,"href":"https:\/\/renewable-carbon.eu\/news\/wp-json\/wp\/v2\/users\/3"}],"replies":[{"embeddable":true,"href":"https:\/\/renewable-carbon.eu\/news\/wp-json\/wp\/v2\/comments?post=4610"}],"version-history":[{"count":0,"href":"https:\/\/renewable-carbon.eu\/news\/wp-json\/wp\/v2\/posts\/4610\/revisions"}],"wp:attachment":[{"href":"https:\/\/renewable-carbon.eu\/news\/wp-json\/wp\/v2\/media?parent=4610"}],"wp:term":[{"taxonomy":"category","embeddable":true,"href":"https:\/\/renewable-carbon.eu\/news\/wp-json\/wp\/v2\/categories?post=4610"},{"taxonomy":"post_tag","embeddable":true,"href":"https:\/\/renewable-carbon.eu\/news\/wp-json\/wp\/v2\/tags?post=4610"},{"taxonomy":"supplier","embeddable":true,"href":"https:\/\/renewable-carbon.eu\/news\/wp-json\/wp\/v2\/supplier?post=4610"}],"curies":[{"name":"wp","href":"https:\/\/api.w.org\/{rel}","templated":true}]}}