{"id":30346,"date":"2015-11-19T07:23:14","date_gmt":"2015-11-19T06:23:14","guid":{"rendered":"https:\/\/renewable-carbon.eu\/news\/?p=30346"},"modified":"2015-11-18T08:29:56","modified_gmt":"2015-11-18T07:29:56","slug":"lenzing-gruppe-signifikante-ergebnisverbesserung-1-92015","status":"publish","type":"post","link":"https:\/\/renewable-carbon.eu\/news\/lenzing-gruppe-signifikante-ergebnisverbesserung-1-92015\/","title":{"rendered":"Lenzing Gruppe: Signifikante Ergebnisverbesserung 1-9\/2015"},"content":{"rendered":"<p><strong>Die Lenzing Gruppe konnte die positive Entwicklung der ersten beiden Quartale im dritten Quartal fortsetzen. Im Vergleich der ersten neun Monate wurde eine signifikante Ergebnisverbesserung erreicht.<\/strong><\/p>\n<p>Die Konzern-Umsatzerl\u00f6se lagen mit EUR 1.458,9 Mio nach EUR 1.357,7 Mio um 7,4% \u00fcber jenen des Vergleichszeitraumes des Vorjahres. Das Betriebsergebnis vor Abschreibungen (EBITDA) verbesserte sich im Jahresvergleich um 31,7% auf EUR 210,6 Mio (nach EUR 159,8 Mio in den ersten neun Monaten 2014). Das entsprach einer EBITDA-Marge von 14,4% (nach 11,8% im Vergleichszeitraum 2014). Das Betriebsergebnis (EBIT) stieg auf EUR 112,0 Mio, im Vergleich zum Vorjahreszeitraum (EUR 69,5 Mio) ein Anstieg von 61,1%. Die EBIT-Marge lag bei 7,7% (nach 5,1%). Das Periodenergebnis war mit EUR 84,4 Mio (nach EUR 44,3 Mio) um 90,6% h\u00f6her als in den ersten drei Quartalen 2014.<\/p>\n<p>Lenzing Vorstandsvorsitzender Stefan Doboczky zum j\u00fcngsten Gesch\u00e4ftsverlauf: \u201eWir konnten das Periodenergebnis der ersten drei Quartale gegen\u00fcber dem Vorjahres-Vergleichszeitraum nahezu verdoppeln. Diese sehr gute Leistung wurde durch positive Fremdw\u00e4hrungseffekte, Faserpreisanhebungen und die verbesserte Kostenstruktur der Lenzing Gruppe erm\u00f6glicht. Gute Fortschritte erzielen wir auch weiterhin mit unseren gewinnsteigernden Ma\u00dfnahmen, dabei n\u00fctzt uns das gegenw\u00e4rtig etwas positivere Gesch\u00e4ftsumfeld.\u201c<\/p>\n<h3>Anhaltend starke Nachfrage nach Lenzing Fasern<\/h3>\n<p>Trotz h\u00f6herer Marktpreise blieb die Nachfrage nach Lenzing Fasern \u00fcber alle Regionen und Produktgruppen hinweg zuletzt anhaltend stark. Die Faser- und Zellstoff-Produktionskapazit\u00e4ten der Lenzing Gruppe waren in den ersten neun Monaten 2015 gut ausgelastet.<\/p>\n<h3>Abschluss der Neuordnung der technischen Funktionen der Lenzing AG<\/h3>\n<p>Nach den erfolgreichen Ver\u00e4u\u00dferungen von drei Unternehmenseinheiten im Segment Lenzing Technik Mitte 2015 hat sich Lenzing nunmehr entschlossen, den Verkaufsprozess der Einheit Lenzing Technik Fertigung zu initiieren. Die gesamten Restrukturierungsma\u00dfnahmen der technischen Funktionen finden damit ihren Abschluss.<\/p>\n<h3>Ausblick<\/h3>\n<p>Die faserverarbeitenden Betriebe haben zunehmend Probleme, ihre gestiegenen Materialaufwendungen in der Cellulosefaser-Wertsch\u00f6pfungskette weiter zu geben. Dies k\u00f6nnte mittelfristig bei niedrigpreisigen Anwendungen teilweise auch zur Substitution von Cellulosefasern, insbesondere durch Polyester, f\u00fchren. In China werden zudem erste, zuletzt stillgelegte Viscosefaser-Produktionskapazit\u00e4ten wieder angefahren.<\/p>\n<p>Die Lenzing Gruppe erwartet im vierten Quartal 2015 eine \u00e4hnliche Ergebnisentwicklung wie im dritten Quartal 2015. Positive W\u00e4hrungseffekte, bessere Verkaufspreise und eine gute Kostenposition bei anhaltend starker Nachfrage nach Lenzing Produkten werden somit im Gesamtjahr 2015 gegen\u00fcber dem Vorjahr eine signifikante Ergebnisverbesserung erm\u00f6glichen.<\/p>\n<p><img loading=\"lazy\" decoding=\"async\" class=\"alignnone  wp-image-30347\" src=\"https:\/\/renewable-carbon.eu\/news\/wp-content\/uploads\/2015\/11\/Lenzing.png\" alt=\"Lenzing\" width=\"565\" height=\"286\" \/><br \/>\n<strong><sup>1)<\/sup><\/strong>Capital expenditures: Investitionen in immaterielle Anlagen und Sachanlagen.<br \/>\n<strong><sup>2)<\/sup><\/strong>%-Verh\u00e4ltnis bereinigtes Eigenkapital zur Bilanzsumme.<\/p>\n<p>&nbsp;<\/p>\n<h3>Kontakt<\/h3>\n<p>Mag. Angelika Guldt<br \/>\nHead of Corporate Communication<br \/>\nTelefon: +43 (0) 7672 701-2713<br \/>\nE-Mail: <a href=\"mailto:a.guldt@lenzing.com\" target=\"_blank\">a.guldt@lenzing.com<\/a><\/p>\n","protected":false},"excerpt":{"rendered":"<p>Die Lenzing Gruppe konnte die positive Entwicklung der ersten beiden Quartale im dritten Quartal fortsetzen. Im Vergleich der ersten neun Monate wurde eine signifikante Ergebnisverbesserung erreicht. Die Konzern-Umsatzerl\u00f6se lagen mit EUR 1.458,9 Mio nach EUR 1.357,7 Mio um 7,4% \u00fcber jenen des Vergleichszeitraumes des Vorjahres. Das Betriebsergebnis vor Abschreibungen (EBITDA) verbesserte sich im Jahresvergleich um [&#8230;]<\/p>\n","protected":false},"author":59,"featured_media":0,"comment_status":"closed","ping_status":"closed","sticky":false,"template":"","format":"standard","meta":{"_seopress_robots_primary_cat":"","nova_meta_subtitle":"","footnotes":""},"categories":[5572],"tags":[6162,10719],"supplier":[304],"class_list":["post-30346","post","type-post","status-publish","format-standard","hentry","category-bio-based","tag-cellulose","tag-naturfasern","supplier-lenzing-gruppe"],"_links":{"self":[{"href":"https:\/\/renewable-carbon.eu\/news\/wp-json\/wp\/v2\/posts\/30346","targetHints":{"allow":["GET"]}}],"collection":[{"href":"https:\/\/renewable-carbon.eu\/news\/wp-json\/wp\/v2\/posts"}],"about":[{"href":"https:\/\/renewable-carbon.eu\/news\/wp-json\/wp\/v2\/types\/post"}],"author":[{"embeddable":true,"href":"https:\/\/renewable-carbon.eu\/news\/wp-json\/wp\/v2\/users\/59"}],"replies":[{"embeddable":true,"href":"https:\/\/renewable-carbon.eu\/news\/wp-json\/wp\/v2\/comments?post=30346"}],"version-history":[{"count":0,"href":"https:\/\/renewable-carbon.eu\/news\/wp-json\/wp\/v2\/posts\/30346\/revisions"}],"wp:attachment":[{"href":"https:\/\/renewable-carbon.eu\/news\/wp-json\/wp\/v2\/media?parent=30346"}],"wp:term":[{"taxonomy":"category","embeddable":true,"href":"https:\/\/renewable-carbon.eu\/news\/wp-json\/wp\/v2\/categories?post=30346"},{"taxonomy":"post_tag","embeddable":true,"href":"https:\/\/renewable-carbon.eu\/news\/wp-json\/wp\/v2\/tags?post=30346"},{"taxonomy":"supplier","embeddable":true,"href":"https:\/\/renewable-carbon.eu\/news\/wp-json\/wp\/v2\/supplier?post=30346"}],"curies":[{"name":"wp","href":"https:\/\/api.w.org\/{rel}","templated":true}]}}