{"id":25627,"date":"2015-04-21T03:06:55","date_gmt":"2015-04-21T01:06:55","guid":{"rendered":"https:\/\/renewable-carbon.eu\/news\/?p=25627"},"modified":"2015-04-20T12:00:45","modified_gmt":"2015-04-20T10:00:45","slug":"neues-projekt-schuetzt-heilpflanze-arnika-in-bayern","status":"publish","type":"post","link":"https:\/\/renewable-carbon.eu\/news\/neues-projekt-schuetzt-heilpflanze-arnika-in-bayern\/","title":{"rendered":"Neues Projekt sch\u00fctzt Heilpflanze &#8220;Arnika&#8221; in Bayern"},"content":{"rendered":"<p><strong>Der Schutz der Heilpflanze Arnika und die F\u00f6rderung ihrer Leistungen f\u00fcr das \u00d6kosystem sind die Ziele eines neuen Projekts aus dem Bundesprogramm Biologische Vielfalt. Damit soll auch demonstriert werden, welchen Nutzen Investitionen in die biologische Vielfalt und in \u00d6kosystemdienstleistungen mit sich bringen. Das Bundesumweltministerium unterst\u00fctzt das Projekt mit rund 140.000 Euro. Das Bundesamt f\u00fcr Naturschutz begleitet das Projekt fachlich.<\/strong><\/p>\n<p>&#8220;Die Echte Arnika geh\u00f6rt zu den traditionellen Heilpflanzen. Diese Bl\u00fctenpflanze ist bei uns heimisch, darum tragen wir auch eine besondere Verantwortung f\u00fcr sie&#8221;, sagte Bundesumweltministerin Barbara Hendricks. Die Arnika (Arnica montana) w\u00e4chst vor allem auf Bergwiesen, Borstgras- und Torfbinsenrasen. &#8220;Durch Lebensraumverlust, intensive Nutzung und illegale Wildsammlung ist der Bestand geschrumpft. Ohne gezielte Ma\u00dfnahmen droht sie mittelfristig auszusterben&#8221;, erg\u00e4nzte BfN-Pr\u00e4sidentin Beate Jessel.<\/p>\n<p>Der Landschaftspflegeverband Stadt und Landkreis Hof wollen als Projekttr\u00e4ger die Bedeutung der Arnika als Zugpferd regionaler Entwicklung in Oberfranken weiter ausbauen. Ein neuer Arnika-Wanderweg und die Veranstaltung von Arnika-Radtouren sollen die Region als Naherholungs- und Tourismusgebiet attraktiver machen. Auch die Herstellung von Arnikatinkturen wird als Teil des Projekts weiterentwickelt und fortgef\u00fchrt.<\/p>\n<p>Unter \u00d6kosystemdienstleistungen fallen bei der Arnika ihre Nutzung als Heilpflanze und ihre Bedeutung f\u00fcr Naturerleben, Erholung und den Erhalt einer vielf\u00e4ltigen Kulturlandschaft. Im Projekt geht es sowohl um die nachhaltige Nutzung als auch um den Schutz der Arnika Best\u00e4nde.<\/p>\n<p>&nbsp;<\/p>\n<p><strong>Hintergrund<\/strong><\/p>\n<h3>Das Bundesprogramm Biologische Vielfalt<\/h3>\n<p>Die Umsetzung der Nationalen Strategie zur biologischen Vielfalt (NBS) wird seit 2011 durch das Bundesprogramm Biologische Vielfalt unterst\u00fctzt. Gef\u00f6rdert werden Vorhaben, denen im Rahmen der NBS eine gesamtstaatlich repr\u00e4sentative Bedeutung zukommt oder die diese Strategie in besonders beispielhafter Weise umsetzen. Die gef\u00f6rderten Ma\u00dfnahmen tragen dazu bei, den R\u00fcckgang der biologischen Vielfalt in Deutschland zu stoppen und mittel- bis langfristig in einen positiven Trend umzukehren. Sie dienen dem Schutz und der nachhaltigen Nutzung sowie der Entwicklung der biologischen Vielfalt und gehen \u00fcber die rechtlich geforderten Standards hinaus. Akzeptanzbildende Ma\u00dfnahmen der Informationen und Kommunikation tragen dazu bei, das gesellschaftliche Bewusstsein f\u00fcr die biologische Vielfalt zu st\u00e4rken.<\/p>\n","protected":false},"excerpt":{"rendered":"<p>Der Schutz der Heilpflanze Arnika und die F\u00f6rderung ihrer Leistungen f\u00fcr das \u00d6kosystem sind die Ziele eines neuen Projekts aus dem Bundesprogramm Biologische Vielfalt. Damit soll auch demonstriert werden, welchen Nutzen Investitionen in die biologische Vielfalt und in \u00d6kosystemdienstleistungen mit sich bringen. Das Bundesumweltministerium unterst\u00fctzt das Projekt mit rund 140.000 Euro. Das Bundesamt f\u00fcr Naturschutz [&#8230;]<\/p>\n","protected":false},"author":59,"featured_media":0,"comment_status":"closed","ping_status":"closed","sticky":false,"template":"","format":"standard","meta":{"_seopress_robots_primary_cat":"","nova_meta_subtitle":"","footnotes":""},"categories":[5572],"tags":[],"supplier":[1151,279],"class_list":["post-25627","post","type-post","status-publish","format-standard","hentry","category-bio-based","supplier-bundesamt-fuer-naturschutz-bfn","supplier-bundesministerium-fuer-umwelt-naturschutz-und-reaktorsicherheit"],"_links":{"self":[{"href":"https:\/\/renewable-carbon.eu\/news\/wp-json\/wp\/v2\/posts\/25627","targetHints":{"allow":["GET"]}}],"collection":[{"href":"https:\/\/renewable-carbon.eu\/news\/wp-json\/wp\/v2\/posts"}],"about":[{"href":"https:\/\/renewable-carbon.eu\/news\/wp-json\/wp\/v2\/types\/post"}],"author":[{"embeddable":true,"href":"https:\/\/renewable-carbon.eu\/news\/wp-json\/wp\/v2\/users\/59"}],"replies":[{"embeddable":true,"href":"https:\/\/renewable-carbon.eu\/news\/wp-json\/wp\/v2\/comments?post=25627"}],"version-history":[{"count":0,"href":"https:\/\/renewable-carbon.eu\/news\/wp-json\/wp\/v2\/posts\/25627\/revisions"}],"wp:attachment":[{"href":"https:\/\/renewable-carbon.eu\/news\/wp-json\/wp\/v2\/media?parent=25627"}],"wp:term":[{"taxonomy":"category","embeddable":true,"href":"https:\/\/renewable-carbon.eu\/news\/wp-json\/wp\/v2\/categories?post=25627"},{"taxonomy":"post_tag","embeddable":true,"href":"https:\/\/renewable-carbon.eu\/news\/wp-json\/wp\/v2\/tags?post=25627"},{"taxonomy":"supplier","embeddable":true,"href":"https:\/\/renewable-carbon.eu\/news\/wp-json\/wp\/v2\/supplier?post=25627"}],"curies":[{"name":"wp","href":"https:\/\/api.w.org\/{rel}","templated":true}]}}