{"id":19969,"date":"2014-04-14T03:15:50","date_gmt":"2014-04-14T01:15:50","guid":{"rendered":"https:\/\/renewable-carbon.eu\/news\/?p=19969"},"modified":"2014-04-12T11:42:50","modified_gmt":"2014-04-12T09:42:50","slug":"maisacker-statt-artenreicher-wiese-zustand-landwirtschaftlicher-raume-untersucht","status":"publish","type":"post","link":"https:\/\/renewable-carbon.eu\/news\/maisacker-statt-artenreicher-wiese-zustand-landwirtschaftlicher-raume-untersucht\/","title":{"rendered":"Maisacker statt artenreicher Wiese: Zustand landwirtschaftlicher R\u00e4ume untersucht"},"content":{"rendered":"<p><strong>(aid) &#8211; Die landwirtschaftlich genutzten Lebensr\u00e4ume sind aus Naturschutzsicht \u00fcberwiegend in einem schlechten Zustand. Zu viele Gr\u00fcnlandfl\u00e4chen gehen verloren und damit wichtige Lebensr\u00e4ume f\u00fcr gef\u00e4hrdete Arten, erkl\u00e4ren das Bundesumweltministerium und das Bundesamt f\u00fcr Naturschutz. In rund 12.000 Stichproben haben Natursch\u00fctzer und Beh\u00f6rden bundesweit den Zustand von Tieren, Pflanzen und Lebensr\u00e4umen erforscht, die \u00fcber die europ\u00e4ischen FFH- und Vogelschutzrichtlinien gesch\u00fctzt sind. Insgesamt wurden 92 verschiedene Lebensr\u00e4ume erfasst &#8211; von Riffen und Sandb\u00e4nken am Grund von Nord- und Ostsee \u00fcber K\u00fcstend\u00fcnen, Feuchtgebiete wie Fl\u00fcsse und Seen bis zu Felsen, Wiesen und W\u00e4ldern.<\/strong><\/p>\n<p>Landwirtschaftlich genutzte Lebensr\u00e4ume sind nach wie vor in einem schlechten Erhaltungszustand, teilweise haben sie sich in den vergangenen sechs Jahren sogar verschlechtert. Nicht nur Magerrasen und Heiden sind von einer r\u00fcckl\u00e4ufigen Entwicklung betroffen, sondern auch extensive \u00c4cker und blumenreiche Wiesen. So haben Fl\u00e4chen- und Qualit\u00e4tsverluste dazu gef\u00fchrt, dass M\u00e4hwiesen in ganz Deutschland in keinem g\u00fcnstigen Zustand mehr sind. Diese Verluste treten durch den Umbruch der Wiesen und Umwandlung in Mais\u00e4cker oder durch Intensivierung (D\u00fcngung, h\u00e4ufigere Mahd) auf, denn auf diese Weise entstehen statt bl\u00fctenreicher Wiesen artenarme Graskulturen.<\/p>\n<p>Als Folge verlieren Bienen und Schmetterlinge die Nahrungsgrundlage und ihren Lebensraum, da sie auf ein reiches Bl\u00fcten- und Nektarangebot angewiesen sind. Feuchtgr\u00fcnland wird oft entw\u00e4ssert. Von 2003 bis 2012 betrug der absolute Verlust des Dauergr\u00fcnlandes in Deutschland \u00fcber 250.000 Hektar, das entspricht einem R\u00fcckgang von f\u00fcnf Prozent. Die Verschlechterung der Lebensbedingungen f\u00fcr die biologische Vielfalt auf landwirtschaftlichen Nutzfl\u00e4chen zeigt sich auch in der kritischen Bestandssituation der Vogelarten der Agrarlandschaft. Die Anzahl der V\u00f6gel hat sich in den vergangenen 30 Jahren halbiert.<\/p>\n<p><strong>Weitere Informationen<\/strong><\/p>\n<p><a href=\"www.bmub.bund.de\/themen\/natur-arten\/naturschutz-biologische-vielfalt\/lage-der-natur\" target=\"_blank\">www.bmub.bund.de\/themen\/natur-arten\/naturschutz-biologische-vielfalt\/lage-der-natur<\/a><\/p>\n","protected":false},"excerpt":{"rendered":"<p>(aid) &#8211; Die landwirtschaftlich genutzten Lebensr\u00e4ume sind aus Naturschutzsicht \u00fcberwiegend in einem schlechten Zustand. Zu viele Gr\u00fcnlandfl\u00e4chen gehen verloren und damit wichtige Lebensr\u00e4ume f\u00fcr gef\u00e4hrdete Arten, erkl\u00e4ren das Bundesumweltministerium und das Bundesamt f\u00fcr Naturschutz. In rund 12.000 Stichproben haben Natursch\u00fctzer und Beh\u00f6rden bundesweit den Zustand von Tieren, Pflanzen und Lebensr\u00e4umen erforscht, die \u00fcber die europ\u00e4ischen [&#8230;]<\/p>\n","protected":false},"author":59,"featured_media":0,"comment_status":"closed","ping_status":"closed","sticky":false,"template":"","format":"standard","meta":{"_seopress_robots_primary_cat":"","nova_meta_subtitle":"","footnotes":""},"categories":[5572],"tags":[],"supplier":[1151,6287],"class_list":["post-19969","post","type-post","status-publish","format-standard","hentry","category-bio-based","supplier-bundesamt-fuer-naturschutz-bfn","supplier-bmub"],"_links":{"self":[{"href":"https:\/\/renewable-carbon.eu\/news\/wp-json\/wp\/v2\/posts\/19969","targetHints":{"allow":["GET"]}}],"collection":[{"href":"https:\/\/renewable-carbon.eu\/news\/wp-json\/wp\/v2\/posts"}],"about":[{"href":"https:\/\/renewable-carbon.eu\/news\/wp-json\/wp\/v2\/types\/post"}],"author":[{"embeddable":true,"href":"https:\/\/renewable-carbon.eu\/news\/wp-json\/wp\/v2\/users\/59"}],"replies":[{"embeddable":true,"href":"https:\/\/renewable-carbon.eu\/news\/wp-json\/wp\/v2\/comments?post=19969"}],"version-history":[{"count":0,"href":"https:\/\/renewable-carbon.eu\/news\/wp-json\/wp\/v2\/posts\/19969\/revisions"}],"wp:attachment":[{"href":"https:\/\/renewable-carbon.eu\/news\/wp-json\/wp\/v2\/media?parent=19969"}],"wp:term":[{"taxonomy":"category","embeddable":true,"href":"https:\/\/renewable-carbon.eu\/news\/wp-json\/wp\/v2\/categories?post=19969"},{"taxonomy":"post_tag","embeddable":true,"href":"https:\/\/renewable-carbon.eu\/news\/wp-json\/wp\/v2\/tags?post=19969"},{"taxonomy":"supplier","embeddable":true,"href":"https:\/\/renewable-carbon.eu\/news\/wp-json\/wp\/v2\/supplier?post=19969"}],"curies":[{"name":"wp","href":"https:\/\/api.w.org\/{rel}","templated":true}]}}