{"id":180578,"date":"2026-09-03T07:35:00","date_gmt":"2026-09-03T05:35:00","guid":{"rendered":"https:\/\/renewable-carbon.eu\/news\/?p=180578"},"modified":"2026-08-27T14:35:24","modified_gmt":"2026-08-27T12:35:24","slug":"europa-setzt-bei-ausgedienten-windrotorblattern-auf-recycling","status":"publish","type":"post","link":"https:\/\/renewable-carbon.eu\/news\/europa-setzt-bei-ausgedienten-windrotorblattern-auf-recycling\/","title":{"rendered":"Europa setzt bei ausgedienten Windrotorbl\u00e4ttern auf Recycling"},"content":{"rendered":"\n\n<div class=\"wp-block-image\">\n<figure class=\"alignright size-full is-resized\"><img loading=\"lazy\" decoding=\"async\" width=\"410\" height=\"547\" src=\"https:\/\/renewable-carbon.eu\/news\/media\/2026\/08\/DITF-yarns-from-rGF-mar4tfp8dzr5b6k.jpeg\" alt=\"\" class=\"wp-image-180601\" style=\"width:342px;height:auto\" srcset=\"https:\/\/renewable-carbon.eu\/news\/media\/2026\/08\/DITF-yarns-from-rGF-mar4tfp8dzr5b6k.jpeg 410w, https:\/\/renewable-carbon.eu\/news\/media\/2026\/08\/DITF-yarns-from-rGF-mar4tfp8dzr5b6k-225x300.jpeg 225w, https:\/\/renewable-carbon.eu\/news\/media\/2026\/08\/DITF-yarns-from-rGF-mar4tfp8dzr5b6k-112x150.jpeg 112w, https:\/\/renewable-carbon.eu\/news\/media\/2026\/08\/DITF-yarns-from-rGF-mar4tfp8dzr5b6k-202x270.jpeg 202w\" sizes=\"auto, (max-width: 410px) 100vw, 410px\" \/><figcaption class=\"wp-element-caption\">Garne aus rezyklierten Glasfasern \u00a9 DITF<\/figcaption><\/figure><\/div>\n\n\n<p><strong>Seit 2026 hat sich Europas Windenergiebranche selbst verpflichtet, dass Rotorbl\u00e4tter von Windturbinen nicht auf Deponien enden, wenn sie das Ende ihrer Nutzungsdauer erreicht haben. Das von der EU gef\u00f6rderte Forschungsprojekt REWIND zeigt Wege auf, diese Verbundwerkstoffabf\u00e4lle wiederzuverwenden. Die Deutschen Institute f\u00fcr Textil- und Faserforschung Denkendorf (DITF) sind einer von 13 Projektpartnern aus sieben L\u00e4ndern.&nbsp;<\/strong><\/p>\n\n\n\n<p>REWIND steht f\u00fcr&nbsp;<em>Efficient Decommissioning, Repurposing and Recycling<\/em>&nbsp;to increase the Circularity of end-of-life Wind Energy Systems. Die Projektpartner entwickeln grundlegende Technologien und Verfahren f\u00fcr die Demontage, das Recycling und die Wiederverwendung der Verbundwerkstoffe. Ziel ist es, die Windrotorbl\u00e4tter kreislauff\u00e4hig zu machen statt sie zu deponieren oder zu verbrennen.&nbsp;<\/p>\n\n\n\n<p>Das Konsortium hat ein Modell validiert, mit dem sich das mechanische Verhalten der wiedergewonnenen Materialien mit einer Genauigkeit von \u00fcber 90% vorhersagen l\u00e4sst. Damit sind sie f\u00fcr anspruchsvolle Anwendungen wie zum Beispiel in Elektrofahrzeugen oder als D\u00e4mmstoff geeignet.\u00a0<\/p>\n\n\n\n<p>An den DITF werden aus den von den Projektpartnern rezyklierten Glas- und Carbonfasern Garne und Gewebe f\u00fcr neue Bauteile oder f\u00fcr Reparatur-Sets von Windkraftanlagen entwickelt. In einem ersten Schritt wurden recycelte Fasern untersucht, vor allem im Hinblick darauf, f\u00fcr welche Verarbeitungsverfahren sie geeignet sind.&nbsp;<\/p>\n\n\n\n<p>Das Forschungsteam verfolgt zwei unterschiedliche Verfahren. In der ersten Prozessroute werden die rezyklierten Glasfasern zu hochwertigen textilen Verst\u00e4rkungsstrukturen verarbeitet. Dazu werden die Fasern vorge\u00f6ffnet, gekrempelt, zu Garnen versponnen und anschlie\u00dfend zu Geweben verarbeitet, die entweder in eine oder in zwei Richtungen verst\u00e4rkt sind. Ein erster Meilenstein war die Entwicklung eines rezyklierten Glasfasergarns (rGF\/Polyamid-6-Garns) mit einem Faservolumengehalt von rund 40%, das f\u00fcr thermoplastische Verbundanwendungen, beispielsweise f\u00fcr Strukturbauteile im Automobilbau, geeignet ist.\u00a0<\/p>\n\n\n\n<p>Es ist dar\u00fcber hinaus gelungen, ein Garn herzustellen, das sogar aus 98% rezyklierten Glasfasern besteht. Daraus wurde ein Gewebe mit paralleler Faserausrichtung (UD-Gewebe) gefertigt. Damit konnte erstmals gezeigt werden, dass sich gezielt ausgerichtete textile Verst\u00e4rkungsstrukturen aus rezyklierten Glasfasern herstellen lassen, die optimal an mechanische Belastungen angepasst sind.<\/p>\n\n\n\n<p>Die zweite Prozessroute untersucht die Verarbeitung von Long-Fiber-Delamination-(LFD)-Tapes, die direkt aus Windrotorbl\u00e4ttern gehobelt werden, zu UD-Geweben. Diese LFD-Tapes stellen eine neuartige Klasse textiler Halbzeuge aus vollst\u00e4ndig ausgeh\u00e4rtetem glasfaserverst\u00e4rktem Kunststoff (GFK)-Rezyklat dar. Derzeit wird untersucht, inwieweit sie sich diese Zwischenprodukte als leistungsf\u00e4hige Verst\u00e4rkungsstrukturen f\u00fcr Faserverbundwerkstoffe eignen.<\/p>\n\n\n\n<h3 class=\"wp-block-heading\"><strong>Partner<\/strong><\/h3>\n\n\n\n<ul class=\"wp-block-list\">\n<li>AIMPLAS<\/li>\n\n\n\n<li>TECHNIKER<\/li>\n\n\n\n<li>IPC \u2013 Centre Technique Industriel de la Plasturgie et des Composites<\/li>\n\n\n\n<li>Milj\u00f8sk\u00e6rm<\/li>\n\n\n\n<li>Hochschule Pforzheim \u2013 Gestaltung, Technik, Wirtschaft und Recht<\/li>\n\n\n\n<li>Deutsche Institute f\u00fcr Textil \u2013 und Faserforschung Denkendorf (DITF)<\/li>\n\n\n\n<li>Alke Electric Vehicles<\/li>\n\n\n\n<li>Suez Group<\/li>\n\n\n\n<li>Bcircular<\/li>\n\n\n\n<li>Composite Patch<\/li>\n\n\n\n<li>R-Nanolab<\/li>\n\n\n\n<li>CiaoTech-Gruppo PNO<\/li>\n\n\n\n<li>AEMAC.<\/li>\n<\/ul>\n\n\n\n<div style=\"height:11px\" aria-hidden=\"true\" class=\"wp-block-spacer\"><\/div>\n\n\n<div class=\"wp-block-image\">\n<figure class=\"aligncenter size-full is-resized\"><img loading=\"lazy\" decoding=\"async\" width=\"960\" height=\"221\" src=\"https:\/\/renewable-carbon.eu\/news\/media\/2026\/08\/Foerderung-Rewind.png\" alt=\"\" class=\"wp-image-180600\" style=\"width:545px;height:auto\" srcset=\"https:\/\/renewable-carbon.eu\/news\/media\/2026\/08\/Foerderung-Rewind.png 960w, https:\/\/renewable-carbon.eu\/news\/media\/2026\/08\/Foerderung-Rewind-300x69.png 300w, https:\/\/renewable-carbon.eu\/news\/media\/2026\/08\/Foerderung-Rewind-150x35.png 150w, https:\/\/renewable-carbon.eu\/news\/media\/2026\/08\/Foerderung-Rewind-768x177.png 768w, https:\/\/renewable-carbon.eu\/news\/media\/2026\/08\/Foerderung-Rewind-400x92.png 400w\" sizes=\"auto, (max-width: 960px) 100vw, 960px\" \/><\/figure><\/div>\n\n\n<div style=\"height:11px\" aria-hidden=\"true\" class=\"wp-block-spacer\"><\/div>\n","protected":false},"excerpt":{"rendered":"<p>Seit 2026 hat sich Europas Windenergiebranche selbst verpflichtet, dass Rotorbl\u00e4tter von Windturbinen nicht auf Deponien enden, wenn sie das Ende ihrer Nutzungsdauer erreicht haben. Das von der EU gef\u00f6rderte Forschungsprojekt REWIND zeigt Wege auf, diese Verbundwerkstoffabf\u00e4lle wiederzuverwenden. Die Deutschen Institute f\u00fcr Textil- und Faserforschung Denkendorf (DITF) sind einer von 13 Projektpartnern aus sieben L\u00e4ndern.&nbsp; REWIND [&#8230;]<\/p>\n","protected":false},"author":59,"featured_media":0,"comment_status":"closed","ping_status":"closed","sticky":false,"template":"","format":"standard","meta":{"_seopress_robots_primary_cat":"none","nova_meta_subtitle":"Das von der EU gef\u00f6rderte Forschungsprojekt REWIND zeigt Wege auf, diese Verbundwerkstoffabf\u00e4lle wiederzuverwenden. Die Deutschen Institute f\u00fcr Textil- und Faserforschung Denkendorf (DITF) sind einer von 13 Projektpartnern aus sieben L\u00e4ndern","footnotes":""},"categories":[17143],"tags":[12988,12370,14882,12018,11841,10453,23490,28458],"supplier":[28457,11215,28452,28453,28456,28454,21822,5585,7787,24610,28450,28451,28455,23519],"class_list":["post-180578","post","type-post","status-publish","format-standard","hentry","category-recycling","tag-autobau","tag-daemmstoffe","tag-faserverbundwerkstoffe","tag-forschung","tag-kreislaufwirtschaft","tag-recycling","tag-rezyklate","tag-verbundwerkstoffabfalle","supplier-aemac-asociacion-espanola-de-materiales-compuestos","supplier-aimplas-asociacion-de-investigacion-de-materiales-plasticos-y-conexas","supplier-alke-electric-vehicles","supplier-bcircular","supplier-ciaotech-gruppo-pno","supplier-composite-patch","supplier-ditf-deutsche-institute-fur-textil-und-faserforschung-denkendorf","supplier-european-union","supplier-hochschule-pforzheim","supplier-horizon-europe","supplier-ipc-centre-technique-industriel-de-la-plasturgie-et-des-composites","supplier-miljoskaerm","supplier-r-nano-lab","supplier-suez-groups"],"_links":{"self":[{"href":"https:\/\/renewable-carbon.eu\/news\/wp-json\/wp\/v2\/posts\/180578","targetHints":{"allow":["GET"]}}],"collection":[{"href":"https:\/\/renewable-carbon.eu\/news\/wp-json\/wp\/v2\/posts"}],"about":[{"href":"https:\/\/renewable-carbon.eu\/news\/wp-json\/wp\/v2\/types\/post"}],"author":[{"embeddable":true,"href":"https:\/\/renewable-carbon.eu\/news\/wp-json\/wp\/v2\/users\/59"}],"replies":[{"embeddable":true,"href":"https:\/\/renewable-carbon.eu\/news\/wp-json\/wp\/v2\/comments?post=180578"}],"version-history":[{"count":2,"href":"https:\/\/renewable-carbon.eu\/news\/wp-json\/wp\/v2\/posts\/180578\/revisions"}],"predecessor-version":[{"id":180614,"href":"https:\/\/renewable-carbon.eu\/news\/wp-json\/wp\/v2\/posts\/180578\/revisions\/180614"}],"wp:attachment":[{"href":"https:\/\/renewable-carbon.eu\/news\/wp-json\/wp\/v2\/media?parent=180578"}],"wp:term":[{"taxonomy":"category","embeddable":true,"href":"https:\/\/renewable-carbon.eu\/news\/wp-json\/wp\/v2\/categories?post=180578"},{"taxonomy":"post_tag","embeddable":true,"href":"https:\/\/renewable-carbon.eu\/news\/wp-json\/wp\/v2\/tags?post=180578"},{"taxonomy":"supplier","embeddable":true,"href":"https:\/\/renewable-carbon.eu\/news\/wp-json\/wp\/v2\/supplier?post=180578"}],"curies":[{"name":"wp","href":"https:\/\/api.w.org\/{rel}","templated":true}]}}