{"id":180413,"date":"2026-09-02T07:29:00","date_gmt":"2026-09-02T05:29:00","guid":{"rendered":"https:\/\/renewable-carbon.eu\/news\/?p=180413"},"modified":"2026-08-26T12:31:46","modified_gmt":"2026-08-26T10:31:46","slug":"hemp-carbon-farbe-die-auf-natur-baut","status":"publish","type":"post","link":"https:\/\/renewable-carbon.eu\/news\/hemp-carbon-farbe-die-auf-natur-baut\/","title":{"rendered":"Hemp Carbon: Farbe die auf Natur baut"},"content":{"rendered":"\n\n<div class=\"wp-block-image\">\n<figure class=\"aligncenter size-large is-resized\"><img loading=\"lazy\" decoding=\"async\" width=\"1024\" height=\"479\" src=\"https:\/\/renewable-carbon.eu\/news\/media\/2026\/08\/Hemp-Fine-Carbon-slider-1024x479.webp\" alt=\"\" class=\"wp-image-180433\" style=\"width:715px;height:auto\" srcset=\"https:\/\/renewable-carbon.eu\/news\/media\/2026\/08\/Hemp-Fine-Carbon-slider-1024x479.webp 1024w, https:\/\/renewable-carbon.eu\/news\/media\/2026\/08\/Hemp-Fine-Carbon-slider-300x140.webp 300w, https:\/\/renewable-carbon.eu\/news\/media\/2026\/08\/Hemp-Fine-Carbon-slider-150x70.webp 150w, https:\/\/renewable-carbon.eu\/news\/media\/2026\/08\/Hemp-Fine-Carbon-slider-768x359.webp 768w, https:\/\/renewable-carbon.eu\/news\/media\/2026\/08\/Hemp-Fine-Carbon-slider-400x187.webp 400w, https:\/\/renewable-carbon.eu\/news\/media\/2026\/08\/Hemp-Fine-Carbon-slider.webp 1497w\" sizes=\"auto, (max-width: 1024px) 100vw, 1024px\" \/><figcaption class=\"wp-element-caption\">\u00a9 Vepa<\/figcaption><\/figure><\/div>\n\n\n<p><strong>Die Hemp-Kollektion wurde erweitert. Die Carbon-Variante ist eine Ausf\u00fchrung mit einer tiefen, zeitgem\u00e4\u00dfen Farbe, die zu modernen Interieurs passt und gleichzeitig ihren nat\u00fcrlichen Charakter bewahrt.<\/strong><\/p>\n\n\n\n<h3 class=\"wp-block-heading\">Moderner Charakter. Nat\u00fcrliches Fundament<\/h3>\n\n\n\n<p>Wirklich nachhaltig und zugleich ausgesprochen stilvoll \u2013 das ist unser Hemp Carbon. Mit dieser Stuhlkollektion setzen wir einen weiteren konkreten Schritt in Richtung unserer Nachhaltigkeitsambitionen. Hemp Carbon ist eine Variante unserer bestehenden Hemp-Kollektion, jedoch mit einer entscheidenden Weiterentwicklung: Der Materialpionier Plantics hat das zuvor entwickelte Bioharz zu einem Carbon Capture Composite weiterentwickelt. Die Zugabe von Biochar (auch bekannt als Pflanzenkohlenstoff) sorgt f\u00fcr eine tiefere, kraftvolle Farbe und einen modernen Ausdruck \u2013 ohne Kompromisse bei unseren Grundprinzipien einzugehen.<\/p>\n\n\n\n<p>Die Basis des Stuhls bleibt unver\u00e4ndert: 100% biologisch, nat\u00fcrlich und recycelbar. Entwickelt \u2013 gemeinsam mit Plantics \u2013 auf Grundlage unserer zirkul\u00e4ren Designprinzipien und veredelt mit nat\u00fcrlichem Lein\u00f6l. Keine Lackschichten, keine Zus\u00e4tze, die das Recycling erschweren. Was Sie sehen, ist das, was das Material selbst zeigt!<\/p>\n\n\n<div class=\"wp-block-image\">\n<figure class=\"aligncenter size-large\"><img loading=\"lazy\" decoding=\"async\" width=\"1024\" height=\"247\" src=\"https:\/\/renewable-carbon.eu\/news\/media\/2026\/08\/Hemp-Carbon-proces_pijlen-1024x247.webp\" alt=\"\" class=\"wp-image-180430\" srcset=\"https:\/\/renewable-carbon.eu\/news\/media\/2026\/08\/Hemp-Carbon-proces_pijlen-1024x247.webp 1024w, https:\/\/renewable-carbon.eu\/news\/media\/2026\/08\/Hemp-Carbon-proces_pijlen-300x73.webp 300w, https:\/\/renewable-carbon.eu\/news\/media\/2026\/08\/Hemp-Carbon-proces_pijlen-150x36.webp 150w, https:\/\/renewable-carbon.eu\/news\/media\/2026\/08\/Hemp-Carbon-proces_pijlen-768x186.webp 768w, https:\/\/renewable-carbon.eu\/news\/media\/2026\/08\/Hemp-Carbon-proces_pijlen-1536x371.webp 1536w, https:\/\/renewable-carbon.eu\/news\/media\/2026\/08\/Hemp-Carbon-proces_pijlen-400x97.webp 400w, https:\/\/renewable-carbon.eu\/news\/media\/2026\/08\/Hemp-Carbon-proces_pijlen.webp 1920w\" sizes=\"auto, (max-width: 1024px) 100vw, 1024px\" \/><figcaption class=\"wp-element-caption\">\u00a9 Vepa<\/figcaption><\/figure><\/div>\n\n\n<div style=\"height:11px\" aria-hidden=\"true\" class=\"wp-block-spacer\"><\/div>\n\n\n\n<h3 class=\"wp-block-heading\">Was macht Hemp Carbon besonders?<\/h3>\n\n\n\n<pre class=\"wp-block-code\"><code>Die Sitzschale ist 100% biologisch, nat\u00fcrlich und recycelbar.\nHergestellt aus Hanffasern und Bioharz.\nZugabe des nat\u00fcrlichen Materials Carbon Capture Composite f\u00fcr eine tiefere, moderne Farbe.\nFeine, nat\u00fcrliche Farbvariationen pro Produkt.\nMit Lein\u00f6l veredelt.\nEntwickelt nach zirkul\u00e4ren Designprinzipien.\nDer Stuhl passt perfekt in eine moderne, nachhaltige Einrichtung.\nEin Teil des CO<sub>2<\/sub>, das w\u00e4hrend des Wachstums der Biomasse aus der Atmosph\u00e4re aufgenommen wurde, bleibt langfristig im Stuhl gespeichert. Dadurch tr\u00e4gt der Stuhl zu Ma\u00dfnahmen zur CO<sub>2<\/sub>-Reduktion bei.<\/code><\/pre>\n\n\n<div class=\"wp-block-image\">\n<figure class=\"alignright size-full is-resized\"><img loading=\"lazy\" decoding=\"async\" width=\"683\" height=\"1024\" src=\"https:\/\/renewable-carbon.eu\/news\/media\/2026\/08\/NOG-NIET-GEBRUIKEN-Hemp-Fine-Carbon-schuin-achter_MG_04408-683x1024-1.webp\" alt=\"\" class=\"wp-image-180432\" style=\"width:293px;height:auto\" srcset=\"https:\/\/renewable-carbon.eu\/news\/media\/2026\/08\/NOG-NIET-GEBRUIKEN-Hemp-Fine-Carbon-schuin-achter_MG_04408-683x1024-1.webp 683w, https:\/\/renewable-carbon.eu\/news\/media\/2026\/08\/NOG-NIET-GEBRUIKEN-Hemp-Fine-Carbon-schuin-achter_MG_04408-683x1024-1-200x300.webp 200w, https:\/\/renewable-carbon.eu\/news\/media\/2026\/08\/NOG-NIET-GEBRUIKEN-Hemp-Fine-Carbon-schuin-achter_MG_04408-683x1024-1-100x150.webp 100w, https:\/\/renewable-carbon.eu\/news\/media\/2026\/08\/NOG-NIET-GEBRUIKEN-Hemp-Fine-Carbon-schuin-achter_MG_04408-683x1024-1-180x270.webp 180w\" sizes=\"auto, (max-width: 683px) 100vw, 683px\" \/><figcaption class=\"wp-element-caption\">\u00a9 Vepa<\/figcaption><\/figure><\/div>\n\n\n<figure class=\"wp-block-image size-full is-resized\"><img loading=\"lazy\" decoding=\"async\" width=\"683\" height=\"1024\" src=\"https:\/\/renewable-carbon.eu\/news\/media\/2026\/08\/NOG-NIET-GEBRUIKEN-Hemp-Fine-Carbon-schuin-voor-met-zitkussen_MG_04411-683x1024-1.webp\" alt=\"\" class=\"wp-image-180431\" style=\"width:295px;height:auto\" srcset=\"https:\/\/renewable-carbon.eu\/news\/media\/2026\/08\/NOG-NIET-GEBRUIKEN-Hemp-Fine-Carbon-schuin-voor-met-zitkussen_MG_04411-683x1024-1.webp 683w, https:\/\/renewable-carbon.eu\/news\/media\/2026\/08\/NOG-NIET-GEBRUIKEN-Hemp-Fine-Carbon-schuin-voor-met-zitkussen_MG_04411-683x1024-1-200x300.webp 200w, https:\/\/renewable-carbon.eu\/news\/media\/2026\/08\/NOG-NIET-GEBRUIKEN-Hemp-Fine-Carbon-schuin-voor-met-zitkussen_MG_04411-683x1024-1-100x150.webp 100w, https:\/\/renewable-carbon.eu\/news\/media\/2026\/08\/NOG-NIET-GEBRUIKEN-Hemp-Fine-Carbon-schuin-voor-met-zitkussen_MG_04411-683x1024-1-180x270.webp 180w\" sizes=\"auto, (max-width: 683px) 100vw, 683px\" \/><figcaption class=\"wp-element-caption\">\u00a9 Vepa<\/figcaption><\/figure>\n\n\n\n<h3 class=\"wp-block-heading\">Die Varianten<\/h3>\n\n\n\n<pre class=\"wp-block-code\"><code><a href=\"https:\/\/vepa.de\/produkt\/hemp-fine\/\">Hemp Fine Carbon<\/a> \u2013 mit und ohne Armlehnen, optional mit Sitzkissen-Polsterset.\n<a href=\"https:\/\/vepa.de\/produkt\/hemp-medium\/\">Hemp Medium Carbon<\/a> \u2013 mit Stahlrohrgestell, optional mit Sitzkissen-Polsterset.\n<a href=\"https:\/\/vepa.de\/produkt\/hemp-high\/\">Hemp High Carbon<\/a> \u2013 mit Stahlrohr und Holzgestell, optional mit Sitzkissen-Polsterset.<\/code><\/pre>\n\n\n\n<p>Der Hemp Carbon ist nicht nur eine neue Farbvariante. Es ist ein weiterer Schritt aus unserer Sicht bezogen auf Material, Form und Verantwortung. Ein Stuhl, der zeigt, dass Nachhaltigkeit nicht leicht oder zur\u00fcckhaltend sein muss, sondern kraftvoll, ausdrucksstark und zeitlos sein kann.<\/p>\n","protected":false},"excerpt":{"rendered":"<p>Die Hemp-Kollektion wurde erweitert. Die Carbon-Variante ist eine Ausf\u00fchrung mit einer tiefen, zeitgem\u00e4\u00dfen Farbe, die zu modernen Interieurs passt und gleichzeitig ihren nat\u00fcrlichen Charakter bewahrt. Moderner Charakter. Nat\u00fcrliches Fundament Wirklich nachhaltig und zugleich ausgesprochen stilvoll \u2013 das ist unser Hemp Carbon. Mit dieser Stuhlkollektion setzen wir einen weiteren konkreten Schritt in Richtung unserer Nachhaltigkeitsambitionen. Hemp [&#8230;]<\/p>\n","protected":false},"author":59,"featured_media":180433,"comment_status":"closed","ping_status":"closed","sticky":false,"template":"","format":"standard","meta":{"_seopress_robots_primary_cat":"none","nova_meta_subtitle":"Weiterentwicklung der bestehenden Hemp-Kollektion mit einem Carbon Capture Composite von Plantics ","footnotes":""},"categories":[5572,5571],"tags":[12738,11286,13621,10681,12330,21454,10719,19489,24236,10743],"supplier":[9269,18496],"class_list":["post-180413","post","type-post","status-publish","format-standard","has-post-thumbnail","hentry","category-bio-based","category-co2-based","tag-biochar","tag-biocomposites","tag-bioharz","tag-biomasse","tag-ccu","tag-ecodesign","tag-naturfasern","tag-pflanzenol","tag-recycelbarkeit","tag-useco2","supplier-plantics","supplier-vepa-the-furniture-factory"],"_links":{"self":[{"href":"https:\/\/renewable-carbon.eu\/news\/wp-json\/wp\/v2\/posts\/180413","targetHints":{"allow":["GET"]}}],"collection":[{"href":"https:\/\/renewable-carbon.eu\/news\/wp-json\/wp\/v2\/posts"}],"about":[{"href":"https:\/\/renewable-carbon.eu\/news\/wp-json\/wp\/v2\/types\/post"}],"author":[{"embeddable":true,"href":"https:\/\/renewable-carbon.eu\/news\/wp-json\/wp\/v2\/users\/59"}],"replies":[{"embeddable":true,"href":"https:\/\/renewable-carbon.eu\/news\/wp-json\/wp\/v2\/comments?post=180413"}],"version-history":[{"count":1,"href":"https:\/\/renewable-carbon.eu\/news\/wp-json\/wp\/v2\/posts\/180413\/revisions"}],"predecessor-version":[{"id":180434,"href":"https:\/\/renewable-carbon.eu\/news\/wp-json\/wp\/v2\/posts\/180413\/revisions\/180434"}],"wp:featuredmedia":[{"embeddable":true,"href":"https:\/\/renewable-carbon.eu\/news\/wp-json\/wp\/v2\/media\/180433"}],"wp:attachment":[{"href":"https:\/\/renewable-carbon.eu\/news\/wp-json\/wp\/v2\/media?parent=180413"}],"wp:term":[{"taxonomy":"category","embeddable":true,"href":"https:\/\/renewable-carbon.eu\/news\/wp-json\/wp\/v2\/categories?post=180413"},{"taxonomy":"post_tag","embeddable":true,"href":"https:\/\/renewable-carbon.eu\/news\/wp-json\/wp\/v2\/tags?post=180413"},{"taxonomy":"supplier","embeddable":true,"href":"https:\/\/renewable-carbon.eu\/news\/wp-json\/wp\/v2\/supplier?post=180413"}],"curies":[{"name":"wp","href":"https:\/\/api.w.org\/{rel}","templated":true}]}}