{"id":176245,"date":"2026-04-30T07:26:00","date_gmt":"2026-04-30T05:26:00","guid":{"rendered":"https:\/\/renewable-carbon.eu\/news\/?p=176245"},"modified":"2026-04-24T15:26:41","modified_gmt":"2026-04-24T13:26:41","slug":"dritte-generation-ubernimmt-verantwortung-carlo-remmele-leitet-kunftig-bei-sudpack-die-business-unit-food","status":"publish","type":"post","link":"https:\/\/renewable-carbon.eu\/news\/dritte-generation-ubernimmt-verantwortung-carlo-remmele-leitet-kunftig-bei-sudpack-die-business-unit-food\/","title":{"rendered":"Dritte Generation \u00fcbernimmt Verantwortung: Carlo Remmele leitet k\u00fcnftig bei S\u00dcDPACK die Business Unit Food"},"content":{"rendered":"\n\n<div class=\"wp-block-image\">\n<figure class=\"alignright size-full is-resized\"><img loading=\"lazy\" decoding=\"async\" width=\"565\" height=\"700\" src=\"https:\/\/renewable-carbon.eu\/news\/media\/2026\/04\/Bildschirmfoto-2026-04-24-um-11.22.10.png\" alt=\"Carlo Remmele\" class=\"wp-image-176262\" style=\"width:228px;height:auto\" srcset=\"https:\/\/renewable-carbon.eu\/news\/media\/2026\/04\/Bildschirmfoto-2026-04-24-um-11.22.10.png 565w, https:\/\/renewable-carbon.eu\/news\/media\/2026\/04\/Bildschirmfoto-2026-04-24-um-11.22.10-242x300.png 242w, https:\/\/renewable-carbon.eu\/news\/media\/2026\/04\/Bildschirmfoto-2026-04-24-um-11.22.10-121x150.png 121w, https:\/\/renewable-carbon.eu\/news\/media\/2026\/04\/Bildschirmfoto-2026-04-24-um-11.22.10-218x270.png 218w\" sizes=\"auto, (max-width: 565px) 100vw, 565px\" \/><figcaption class=\"wp-element-caption\">Carlo Remmele \u00a9 S\u00dcDPACK<\/figcaption><\/figure><\/div>\n\n\n<p><strong>Die S\u00dcDPACK Gruppe stellt die Weichen f\u00fcr die Zukunft: Mit Carlo Remmele \u00fcbernimmt ein Vertreter der dritten Generation der Unternehmerfamilie die Leitung der Business Unit Food. Damit st\u00e4rkt das Unternehmen seine strategische Ausrichtung im Kerngesch\u00e4ft und setzt zugleich ein klares Zeichen f\u00fcr Kontinuit\u00e4t und langfristige Entwicklung. Die Business Unit Food ist die gr\u00f6\u00dfte Gesch\u00e4ftseinheit innerhalb der S\u00dcDPACK Gruppe und bildet das Herzst\u00fcck des Unternehmens.<\/strong><\/p>\n\n\n\n<p>Carlo Remmele kennt die Lebensmittel- und Verpackungsbranche von Grund auf. Seine berufliche Laufbahn begann er mit einer Ausbildung zum Milchtechnologen bei der Molkerei Zott. Im Anschluss absolvierte er den Studiengang Wirtschaftswissenschaften, der ihn gezielt auf Management und strategische Aufgaben vorbereitete. Danach sammelte er umfassende Berufserfahrung innerhalb der S\u00dcDPACK Gruppe: Nach seinem Einstieg als Trainee \u00fcbernahm er schrittweise verantwortungsvolle F\u00fchrungsaufgaben in verschiedenen Bereichen des Unternehmens.<\/p>\n\n\n\n<p>Mit der Leitung der Business Unit Food \u00fcbernimmt Carlo Remmele eine Schl\u00fcsselrolle im oberen Management der S\u00dcDPACK Gruppe und verantwortet ab sofort den wichtigsten Gesch\u00e4ftsbereich des Unternehmens. In seiner neuen Funktion wird er die Weiterentwicklung des Gesch\u00e4ftsbereichs vorantreiben und die Marktposition von S\u00dcDPACK im internationalen Umfeld weiter st\u00e4rken.<\/p>\n\n\n\n<blockquote class=\"wp-block-quote is-layout-flow wp-block-quote-is-layout-flow\">\n<p>\u201eMit Carlo Remmele bekommt die Business Unit Food eine F\u00fchrungspers\u00f6nlichkeit, die sowohl das Unternehmen als auch die Anforderungen unserer Kunden bestens kennt\u201c, so <strong>Thorsten Seehars, CEO der S\u00dcDPACK Gruppe<\/strong>. \u201eIch freue mich sehr, dass Carlo seine Expertise und seine strategische Perspektive k\u00fcnftig in dieser wichtigen Rolle einbringen wird.\u201c<\/p>\n<\/blockquote>\n","protected":false},"excerpt":{"rendered":"<p>Die S\u00dcDPACK Gruppe stellt die Weichen f\u00fcr die Zukunft: Mit Carlo Remmele \u00fcbernimmt ein Vertreter der dritten Generation der Unternehmerfamilie die Leitung der Business Unit Food. Damit st\u00e4rkt das Unternehmen seine strategische Ausrichtung im Kerngesch\u00e4ft und setzt zugleich ein klares Zeichen f\u00fcr Kontinuit\u00e4t und langfristige Entwicklung. Die Business Unit Food ist die gr\u00f6\u00dfte Gesch\u00e4ftseinheit innerhalb [&#8230;]<\/p>\n","protected":false},"author":59,"featured_media":176262,"comment_status":"closed","ping_status":"closed","sticky":false,"template":"","format":"standard","meta":{"_seopress_robots_primary_cat":"none","nova_meta_subtitle":"Carlo Remmele kennt die Lebensmittel- und Verpackungsbranche sehr gut und so wird er die Weiterentwicklung des Gesch\u00e4ftsbereichs vorantreiben und die Marktposition von S\u00dcDPACK international weiter st\u00e4rken","footnotes":""},"categories":[5572],"tags":[10608,13870,10527,12344],"supplier":[16022],"class_list":["post-176245","post","type-post","status-publish","format-standard","has-post-thumbnail","hentry","category-bio-based","tag-biooekonomie","tag-ernaehrung","tag-nachhaltigkeit","tag-verpackungen","supplier-suedpack-verpackungen-gmbh-co-kg"],"_links":{"self":[{"href":"https:\/\/renewable-carbon.eu\/news\/wp-json\/wp\/v2\/posts\/176245","targetHints":{"allow":["GET"]}}],"collection":[{"href":"https:\/\/renewable-carbon.eu\/news\/wp-json\/wp\/v2\/posts"}],"about":[{"href":"https:\/\/renewable-carbon.eu\/news\/wp-json\/wp\/v2\/types\/post"}],"author":[{"embeddable":true,"href":"https:\/\/renewable-carbon.eu\/news\/wp-json\/wp\/v2\/users\/59"}],"replies":[{"embeddable":true,"href":"https:\/\/renewable-carbon.eu\/news\/wp-json\/wp\/v2\/comments?post=176245"}],"version-history":[{"count":2,"href":"https:\/\/renewable-carbon.eu\/news\/wp-json\/wp\/v2\/posts\/176245\/revisions"}],"predecessor-version":[{"id":176287,"href":"https:\/\/renewable-carbon.eu\/news\/wp-json\/wp\/v2\/posts\/176245\/revisions\/176287"}],"wp:featuredmedia":[{"embeddable":true,"href":"https:\/\/renewable-carbon.eu\/news\/wp-json\/wp\/v2\/media\/176262"}],"wp:attachment":[{"href":"https:\/\/renewable-carbon.eu\/news\/wp-json\/wp\/v2\/media?parent=176245"}],"wp:term":[{"taxonomy":"category","embeddable":true,"href":"https:\/\/renewable-carbon.eu\/news\/wp-json\/wp\/v2\/categories?post=176245"},{"taxonomy":"post_tag","embeddable":true,"href":"https:\/\/renewable-carbon.eu\/news\/wp-json\/wp\/v2\/tags?post=176245"},{"taxonomy":"supplier","embeddable":true,"href":"https:\/\/renewable-carbon.eu\/news\/wp-json\/wp\/v2\/supplier?post=176245"}],"curies":[{"name":"wp","href":"https:\/\/api.w.org\/{rel}","templated":true}]}}