{"id":172927,"date":"2026-02-05T07:20:00","date_gmt":"2026-02-05T06:20:00","guid":{"rendered":"https:\/\/renewable-carbon.eu\/news\/?p=172927"},"modified":"2026-02-04T10:45:53","modified_gmt":"2026-02-04T09:45:53","slug":"dr-dirk-textor-steigende-recyclingquote-darf-nicht-uber-strukturelle-krise-hinwegtauschen","status":"publish","type":"post","link":"https:\/\/renewable-carbon.eu\/news\/dr-dirk-textor-steigende-recyclingquote-darf-nicht-uber-strukturelle-krise-hinwegtauschen\/","title":{"rendered":"Dr. Dirk Textor: Steigende Recyclingquote darf nicht \u00fcber strukturelle Krise hinwegt\u00e4uschen"},"content":{"rendered":"\n\n<div class=\"wp-block-image\">\n<figure class=\"aligncenter size-large is-resized\"><img loading=\"lazy\" decoding=\"async\" width=\"1024\" height=\"683\" src=\"https:\/\/renewable-carbon.eu\/news\/media\/2026\/02\/dirk_textor_BVSE-425_Vollbild-1024x683.jpg\" alt=\"Dirk Textor\" class=\"wp-image-172930\" style=\"width:650px\" srcset=\"https:\/\/renewable-carbon.eu\/news\/media\/2026\/02\/dirk_textor_BVSE-425_Vollbild-1024x683.jpg 1024w, https:\/\/renewable-carbon.eu\/news\/media\/2026\/02\/dirk_textor_BVSE-425_Vollbild-300x200.jpg 300w, https:\/\/renewable-carbon.eu\/news\/media\/2026\/02\/dirk_textor_BVSE-425_Vollbild-150x100.jpg 150w, https:\/\/renewable-carbon.eu\/news\/media\/2026\/02\/dirk_textor_BVSE-425_Vollbild-768x512.jpg 768w, https:\/\/renewable-carbon.eu\/news\/media\/2026\/02\/dirk_textor_BVSE-425_Vollbild-1536x1024.jpg 1536w, https:\/\/renewable-carbon.eu\/news\/media\/2026\/02\/dirk_textor_BVSE-425_Vollbild-2048x1365.jpg 2048w, https:\/\/renewable-carbon.eu\/news\/media\/2026\/02\/dirk_textor_BVSE-425_Vollbild-400x267.jpg 400w\" sizes=\"auto, (max-width: 1024px) 100vw, 1024px\" \/><figcaption class=\"wp-element-caption\">Dirk Textor <\/figcaption><\/figure><\/div>\n\n\n<p><strong>Die Zentrale Stelle Verpackungsregister (ZSVR) und das Umweltbundesamt melden f\u00fcr das Jahr 2024 eine Kunststoffrecyclingquote von rund 71 Prozent. F\u00fcr den bvse-Fachverband Kunststoffrecycling sind diese Zahlen jedoch kein Beleg f\u00fcr eine funktionierende Kreislaufwirtschaft, sondern Anlass zu einer dringend notwendigen Einordnung.<\/strong><\/p>\n\n\n\n<blockquote class=\"wp-block-quote is-layout-flow wp-block-quote-is-layout-flow\">\n<p>\u201eDie ausgewiesenen Recyclingquoten wirken auf den ersten Blick eindeutig, sie spiegeln jedoch nicht die tats\u00e4chliche Situation der Branche wider\u201c, erkl\u00e4rt <strong>Dr. Dirk Textor, Vorsitzender des bvse-Fachverbandes Kunststoffrecycling<\/strong>. \u201eEs handelt sich um Zuf\u00fchrquoten. Dass Material in eine Anlage gelangt, hei\u00dft noch lange nicht, dass daraus ein marktf\u00e4higer Sekund\u00e4rrohstoff entsteht oder dieser auch tats\u00e4chlich eingesetzt wird.\u201c<\/p>\n<\/blockquote>\n\n\n\n<p>W\u00e4hrend die Quoten steigen, versch\u00e4rft sich die wirtschaftliche Lage vieler Kunststoffrecycler. In Deutschland und Europa haben in den vergangenen zwei Jahren zahlreiche Unternehmen aufgegeben oder ihre Kapazit\u00e4ten erheblich reduziert. Gleichzeitig sind die Lager der verbliebenen Recycler \u00fcberf\u00fcllt. Zehntausende Tonnen hochwertiger Rezyklate warten auf Abnehmer, obwohl formal hohe Recyclingquoten ausgewiesen werden. <\/p>\n\n\n\n<blockquote class=\"wp-block-quote is-layout-flow wp-block-quote-is-layout-flow\">\n<p>\u201eRecycling ohne Nachfrage ist kein Kreislauf\u201c, so <strong>Textor<\/strong>. \u201eWenn Rezyklate auf Halde liegen, erzeugen wir Statistik, aber keine Ressourcenschonung.\u201c<\/p>\n<\/blockquote>\n\n\n\n<p>Deutlich wird dieses Missverh\u00e4ltnis auch bei flexiblen Polyolefin-Verpackungen. F\u00fcr den PO-Flex-Strom existieren weiterhin zu wenig belastbare Absatzm\u00e4rkte. Um ihre gesetzlichen Quoten zu erf\u00fcllen, zahlen Sortieranlagen Recyclern h\u00f6here Zuzahlungen als die Verbrennung erfordert, damit diese das Material \u00fcberhaupt abnehmen.<\/p>\n\n\n\n<p>Hinzu kommt, dass hochwertiges Kunststoffrecycling nach Mindeststandard der ZSVR, also die tats\u00e4chliche Substitution fossiler Neuware, aktuell bei weniger als acht Prozent liegt \u2013 PET-Flaschen bereits eingeschlossen. Gleichzeitig werden bereits mehr als die H\u00e4lfte der Kunststoffabf\u00e4lle in Deutschland energetisch verwertet. Der bvse-Fachverband warnt vor einer zunehmenden Verbrennungsfalle, da fehlende Abnehmerm\u00e4rkte f\u00fcr Rezyklate, anhaltender Preisdruck und zus\u00e4tzliche Importe aus Drittstaaten die europ\u00e4ischen Recycler weiter schw\u00e4chen.<\/p>\n\n\n\n<blockquote class=\"wp-block-quote is-layout-flow wp-block-quote-is-layout-flow\">\n<p>\u201eWir verlieren derzeit Anlagen und Know-how, die k\u00fcnftig dringend ben\u00f6tigt werden\u201c, warnt <strong>Textor<\/strong>. \u201eDiese Kapazit\u00e4ten lassen sich bis zum Wirksamwerden der PPWR mit ihren Rezyklateinsatzquoten nicht einfach wieder aufbauen.\u201c <\/p>\n<\/blockquote>\n\n\n\n<p>Ohne verl\u00e4ssliche Abnahmen und einen konsequenten Einsatz von Rezyklaten durch Markeninhaber und Handel, drohe die Kunststoffkreislaufwirtschaft weiter auszuh\u00f6hlen.<\/p>\n\n\n\n<p>Der bvse-Fachverband Kunststoffrecycling mahnt daher zu einem realistischen Blick auf die Zahlen. <\/p>\n\n\n\n<blockquote class=\"wp-block-quote is-layout-flow wp-block-quote-is-layout-flow\">\n<p>\u201eWir sollten die Lage nicht schlechter reden, als sie ist \u2013 aber bitte auch nicht sch\u00f6ner\u201c, so <strong>Textor<\/strong> abschlie\u00dfend. \u201eEine steigende Quote allein ist kein Grund zum Feiern. Die strukturelle Krise des Kunststoffrecyclings ist real und sie ist mit diesen Zahlen nicht gel\u00f6st.\u201c<\/p>\n<\/blockquote>\n","protected":false},"excerpt":{"rendered":"<p>Die Zentrale Stelle Verpackungsregister (ZSVR) und das Umweltbundesamt melden f\u00fcr das Jahr 2024 eine Kunststoffrecyclingquote von rund 71 Prozent. F\u00fcr den bvse-Fachverband Kunststoffrecycling sind diese Zahlen jedoch kein Beleg f\u00fcr eine funktionierende Kreislaufwirtschaft, sondern Anlass zu einer dringend notwendigen Einordnung. \u201eDie ausgewiesenen Recyclingquoten wirken auf den ersten Blick eindeutig, sie spiegeln jedoch nicht die tats\u00e4chliche [&#8230;]<\/p>\n","protected":false},"author":114,"featured_media":172930,"comment_status":"closed","ping_status":"closed","sticky":false,"template":"","format":"standard","meta":{"_seopress_robots_primary_cat":"none","nova_meta_subtitle":"W\u00e4hrend die Quoten steigen, versch\u00e4rft sich die wirtschaftliche Lage vieler Kunststoffrecycler","footnotes":""},"categories":[17143],"tags":[11841,22484,10453,12344],"supplier":[452,17423],"class_list":["post-172927","post","type-post","status-publish","format-standard","has-post-thumbnail","hentry","category-recycling","tag-kreislaufwirtschaft","tag-kunststoffrecycling","tag-recycling","tag-verpackungen","supplier-bvse-bundesverband-sekundaerrohstoffe-und-entsorgung-ev","supplier-zentrale-stelle-verpackungsregister-zsvr"],"_links":{"self":[{"href":"https:\/\/renewable-carbon.eu\/news\/wp-json\/wp\/v2\/posts\/172927","targetHints":{"allow":["GET"]}}],"collection":[{"href":"https:\/\/renewable-carbon.eu\/news\/wp-json\/wp\/v2\/posts"}],"about":[{"href":"https:\/\/renewable-carbon.eu\/news\/wp-json\/wp\/v2\/types\/post"}],"author":[{"embeddable":true,"href":"https:\/\/renewable-carbon.eu\/news\/wp-json\/wp\/v2\/users\/114"}],"replies":[{"embeddable":true,"href":"https:\/\/renewable-carbon.eu\/news\/wp-json\/wp\/v2\/comments?post=172927"}],"version-history":[{"count":0,"href":"https:\/\/renewable-carbon.eu\/news\/wp-json\/wp\/v2\/posts\/172927\/revisions"}],"wp:featuredmedia":[{"embeddable":true,"href":"https:\/\/renewable-carbon.eu\/news\/wp-json\/wp\/v2\/media\/172930"}],"wp:attachment":[{"href":"https:\/\/renewable-carbon.eu\/news\/wp-json\/wp\/v2\/media?parent=172927"}],"wp:term":[{"taxonomy":"category","embeddable":true,"href":"https:\/\/renewable-carbon.eu\/news\/wp-json\/wp\/v2\/categories?post=172927"},{"taxonomy":"post_tag","embeddable":true,"href":"https:\/\/renewable-carbon.eu\/news\/wp-json\/wp\/v2\/tags?post=172927"},{"taxonomy":"supplier","embeddable":true,"href":"https:\/\/renewable-carbon.eu\/news\/wp-json\/wp\/v2\/supplier?post=172927"}],"curies":[{"name":"wp","href":"https:\/\/api.w.org\/{rel}","templated":true}]}}