{"id":166804,"date":"2025-08-27T07:26:00","date_gmt":"2025-08-27T05:26:00","guid":{"rendered":"https:\/\/renewable-carbon.eu\/news\/?p=166804"},"modified":"2025-08-21T13:13:03","modified_gmt":"2025-08-21T11:13:03","slug":"recyclingwirtschaft-und-umweltverbande-fordern-eu-kommission-zu-korrekturen-bei-supd-umsetzung-auf","status":"publish","type":"post","link":"https:\/\/renewable-carbon.eu\/news\/recyclingwirtschaft-und-umweltverbande-fordern-eu-kommission-zu-korrekturen-bei-supd-umsetzung-auf\/","title":{"rendered":"Recyclingwirtschaft und Umweltverb\u00e4nde fordern EU-Kommission zu Korrekturen bei SUPD-Umsetzung auf"},"content":{"rendered":"\n\n<div class=\"wp-block-image\">\n<figure class=\"alignright size-full is-resized\"><img loading=\"lazy\" decoding=\"async\" width=\"813\" height=\"457\" src=\"https:\/\/renewable-carbon.eu\/news\/media\/2025\/08\/eu-kommission-rohstoffe-bde_shutterstock-813x457-1.webp\" alt=\"\" class=\"wp-image-166823\" style=\"aspect-ratio:1.7789934354485777;width:289px;height:auto\" srcset=\"https:\/\/renewable-carbon.eu\/news\/media\/2025\/08\/eu-kommission-rohstoffe-bde_shutterstock-813x457-1.webp 813w, https:\/\/renewable-carbon.eu\/news\/media\/2025\/08\/eu-kommission-rohstoffe-bde_shutterstock-813x457-1-300x169.webp 300w, https:\/\/renewable-carbon.eu\/news\/media\/2025\/08\/eu-kommission-rohstoffe-bde_shutterstock-813x457-1-150x84.webp 150w, https:\/\/renewable-carbon.eu\/news\/media\/2025\/08\/eu-kommission-rohstoffe-bde_shutterstock-813x457-1-768x432.webp 768w, https:\/\/renewable-carbon.eu\/news\/media\/2025\/08\/eu-kommission-rohstoffe-bde_shutterstock-813x457-1-400x225.webp 400w\" sizes=\"auto, (max-width: 813px) 100vw, 813px\" \/><figcaption class=\"wp-element-caption\">\u00a9 Shutterstock \/ Symbiot<\/figcaption><\/figure><\/div>\n\n\n<p><strong>Eine breite Allianz aus Unternehmen und Verb\u00e4nden der Recycling- und Verpackungswirtschaft warnt vor Risiken f\u00fcr die europ\u00e4ische Kreislaufwirtschaft durch den aktuellen Entwurf des Durchf\u00fchrungsrechtsakts der EU-Kommission zur Einwegkunststoffrichtlinie (SUPD).<\/strong><\/p>\n\n\n\n<p><strong>Die Unterzeichner \u2013 darunter Werner &amp; Mertz, ALPLA, REMONDIS\u00a0nebst den Verb\u00e4nden BDE, bvse, VBS und VOEB \u2013 haben sich in einem gemeinsamen Schreiben an EU-Umweltkommissarin Jessica Roswall und weitere Kommissionsmitglieder gewandt.<\/strong><\/p>\n\n\n\n<p>Im Mittelpunkt steht die Definition von \u201epost-consumer plastic waste\u201c im aktuellen Entwurf der Durchf\u00fchrungsentscheidung: Diese soll k\u00fcnftig an die Verpackungs- und Verpackungsabfallverordnung (PPWR) angeglichen werden. Nach Einsch\u00e4tzung der Allianz h\u00e4tte dieser Schritt gravierende Folgen:<\/p>\n\n\n\n<h3 class=\"wp-block-heading\"><strong>Rechtliche und wirtschaftliche Risiken<\/strong><\/h3>\n\n\n\n<p>Eine Angleichung der SUPD-Durchf\u00fchrungsentscheidung an die PPWR ohne wirksame marktwirtschaftliche Schutzmechanismen w\u00fcrde die bestehenden Probleme der europ\u00e4ischen Kunststoffrecyclingbranche versch\u00e4rfen.<\/p>\n\n\n\n<h3 class=\"wp-block-heading\"><strong>Marktverzerrung durch Importe aus Drittl\u00e4ndern<\/strong><\/h3>\n\n\n\n<p>Die europ\u00e4ischen M\u00e4rkte sind zunehmend Importen von Rezyklaten ausgesetzt, deren Qualit\u00e4t zweifelhaft und deren Rechtsstatus als Sekund\u00e4rrohstoff unklar ist. Diese Importe werden zu Dumpingpreisen angeboten, f\u00fchren zu Wettbewerbsverzerrungen und wiederholen problematische Praktiken, die bereits aus dem Textilsektor bekannt sind.<\/p>\n\n\n\n<h3 class=\"wp-block-heading\"><strong>Gef\u00e4hrdung \u00f6kologischer und strategischer Zielsetzungen<\/strong><\/h3>\n\n\n\n<p>Die in der SUPD und der PPWR verankerten Rezyklatquoten sollen die Umwelt sch\u00fctzen und die Rohstoffsouver\u00e4nit\u00e4t Europas st\u00e4rken. Beide Ziele werden unterlaufen, wenn unregulierte, minderwertige Rezyklate aus Drittl\u00e4ndern zur Erf\u00fcllung der Vorgaben zugelassen werden.<\/p>\n\n\n\n<h3 class=\"wp-block-heading\"><strong>Verunsicherung und Vertrauensverlust bei Verbrauchern<\/strong><\/h3>\n\n\n\n<p>Das Fehlen verl\u00e4sslicher Qualit\u00e4tsstandards f\u00fcr importierte Rezyklate f\u00fchrt zu Verwirrung im Markt und schw\u00e4cht das Vertrauen der Verbraucher in die Glaubw\u00fcrdigkeit von Rezyklatanteilsangaben.Die Unterzeichner fordern daher, an der bisherigen Definition aus der geltenden Durchf\u00fchrungsentscheidung (EU) 2023\/2683 festzuhalten. Eine Angleichung an die PPWR-Definition k\u00f6nne nur erfolgen, wenn gleichzeitig durch eine rechtlich verbindliche Mirror Clause sichergestellt werde, dass importierte Rezyklate denselben Qualit\u00e4ts- und Rechtsstandards entsprechen wie in Europa hergestellte.<\/p>\n\n\n\n<blockquote class=\"wp-block-quote is-layout-flow wp-block-quote-is-layout-flow\">\n<p>\u201eOhne klare Regeln droht Europa, seine Recyclingindustrie und damit einen zentralen Pfeiler der Kreislaufwirtschaft zu schw\u00e4chen. Das w\u00e4re ein R\u00fcckschlag f\u00fcr Umwelt, Klima und Wettbewerbsf\u00e4higkeit\u201c, hei\u00dft es in dem Schreiben.<\/p>\n<\/blockquote>\n\n\n\n<p>Die Allianz appelliert an die Europ\u00e4ische Kommission und die Mitgliedstaaten, bei den anstehenden Beratungen die Wettbewerbsf\u00e4higkeit der europ\u00e4ischen Recyclingwirtschaft zu sichern und die ehrgeizigen Klimaziele der EU nicht zu gef\u00e4hrden.<\/p>\n\n\n\n<p><a href=\"https:\/\/www.bde.de\/documents\/774\/20250818_SUPD_IA_Joint_Letter_us_final.pdf\"><strong>Das gemeinsame Schreiben finden Sie\u00a0hier.<\/strong><\/a><\/p>\n\n\n\n<div style=\"height:14px\" aria-hidden=\"true\" class=\"wp-block-spacer\"><\/div>\n\n\n\n<h3 class=\"wp-block-heading\"><strong>Unterzeichner<\/strong><\/h3>\n\n\n\n<p>Werner &amp; Mertz, ALPLA, REMONDIS<br>BDE \u2013 Bundesverband der Deutschen Entsorgungs-, Wasser- und Kreislaufwirtschaft e. V.,<br>bvse \u2013 Bundesverband Sekund\u00e4rrohstoffe und Entsorgung e. V.,<br>VBS \u2013 Verband der Bayerischen Entsorgungsunternehmen e.V.,<br>VOEB \u2013\u00a0Verband \u00d6sterreichischer Entsorgungsbetriebe\u00a0<\/p>\n\n\n\n<div style=\"height:12px\" aria-hidden=\"true\" class=\"wp-block-spacer\"><\/div>\n\n\n<div class=\"wp-block-image\">\n<figure class=\"aligncenter size-full is-resized\"><img loading=\"lazy\" decoding=\"async\" width=\"824\" height=\"451\" src=\"https:\/\/renewable-carbon.eu\/news\/media\/2025\/08\/Bildschirmfoto-2025-08-21-um-13.08.01.png\" alt=\"\" class=\"wp-image-166821\" style=\"aspect-ratio:1.8270509977827052;width:800px;height:auto\" srcset=\"https:\/\/renewable-carbon.eu\/news\/media\/2025\/08\/Bildschirmfoto-2025-08-21-um-13.08.01.png 824w, https:\/\/renewable-carbon.eu\/news\/media\/2025\/08\/Bildschirmfoto-2025-08-21-um-13.08.01-300x164.png 300w, https:\/\/renewable-carbon.eu\/news\/media\/2025\/08\/Bildschirmfoto-2025-08-21-um-13.08.01-150x82.png 150w, https:\/\/renewable-carbon.eu\/news\/media\/2025\/08\/Bildschirmfoto-2025-08-21-um-13.08.01-768x420.png 768w, https:\/\/renewable-carbon.eu\/news\/media\/2025\/08\/Bildschirmfoto-2025-08-21-um-13.08.01-400x219.png 400w\" sizes=\"auto, (max-width: 824px) 100vw, 824px\" \/><\/figure><\/div>","protected":false},"excerpt":{"rendered":"<p>Eine breite Allianz aus Unternehmen und Verb\u00e4nden der Recycling- und Verpackungswirtschaft warnt vor Risiken f\u00fcr die europ\u00e4ische Kreislaufwirtschaft durch den aktuellen Entwurf des Durchf\u00fchrungsrechtsakts der EU-Kommission zur Einwegkunststoffrichtlinie (SUPD). Die Unterzeichner \u2013 darunter Werner &amp; Mertz, ALPLA, REMONDIS\u00a0nebst den Verb\u00e4nden BDE, bvse, VBS und VOEB \u2013 haben sich in einem gemeinsamen Schreiben an EU-Umweltkommissarin Jessica [&#8230;]<\/p>\n","protected":false},"author":59,"featured_media":166822,"comment_status":"closed","ping_status":"closed","sticky":false,"template":"","format":"standard","meta":{"_seopress_robots_primary_cat":"none","nova_meta_subtitle":"Gemeinsames Schreiben warnt vor Risiken f\u00fcr Kreislaufwirtschaft und das Erreichen der Umweltziele","footnotes":""},"categories":[17143],"tags":[11841,15833,16168,26212,10453,23490,12344],"supplier":[22494,15859,452,2317,5585,22720,25309,16981,11856],"class_list":["post-166804","post","type-post","status-publish","format-standard","has-post-thumbnail","hentry","category-recycling","tag-kreislaufwirtschaft","tag-plastikmuell","tag-politik","tag-postconsumerwaste","tag-recycling","tag-rezyklate","tag-verpackungen","supplier-alpla-group","supplier-bundesverband-der-deutschen-entsorgungs-wasser-und-kreislaufwirtschaft-bde","supplier-bvse-bundesverband-sekundaerrohstoffe-und-entsorgung-ev","supplier-european-commission","supplier-european-union","supplier-remondis-group","supplier-vbs-verband-der-bayerischen-entsorgungsunternehmen-e-v","supplier-verband-oesterreichischer-entsorgungsbetriebe-voeb","supplier-werner-mertz-gmbh"],"_links":{"self":[{"href":"https:\/\/renewable-carbon.eu\/news\/wp-json\/wp\/v2\/posts\/166804","targetHints":{"allow":["GET"]}}],"collection":[{"href":"https:\/\/renewable-carbon.eu\/news\/wp-json\/wp\/v2\/posts"}],"about":[{"href":"https:\/\/renewable-carbon.eu\/news\/wp-json\/wp\/v2\/types\/post"}],"author":[{"embeddable":true,"href":"https:\/\/renewable-carbon.eu\/news\/wp-json\/wp\/v2\/users\/59"}],"replies":[{"embeddable":true,"href":"https:\/\/renewable-carbon.eu\/news\/wp-json\/wp\/v2\/comments?post=166804"}],"version-history":[{"count":0,"href":"https:\/\/renewable-carbon.eu\/news\/wp-json\/wp\/v2\/posts\/166804\/revisions"}],"wp:featuredmedia":[{"embeddable":true,"href":"https:\/\/renewable-carbon.eu\/news\/wp-json\/wp\/v2\/media\/166822"}],"wp:attachment":[{"href":"https:\/\/renewable-carbon.eu\/news\/wp-json\/wp\/v2\/media?parent=166804"}],"wp:term":[{"taxonomy":"category","embeddable":true,"href":"https:\/\/renewable-carbon.eu\/news\/wp-json\/wp\/v2\/categories?post=166804"},{"taxonomy":"post_tag","embeddable":true,"href":"https:\/\/renewable-carbon.eu\/news\/wp-json\/wp\/v2\/tags?post=166804"},{"taxonomy":"supplier","embeddable":true,"href":"https:\/\/renewable-carbon.eu\/news\/wp-json\/wp\/v2\/supplier?post=166804"}],"curies":[{"name":"wp","href":"https:\/\/api.w.org\/{rel}","templated":true}]}}