{"id":164332,"date":"2025-06-17T07:35:00","date_gmt":"2025-06-17T05:35:00","guid":{"rendered":"https:\/\/renewable-carbon.eu\/news\/?p=164332"},"modified":"2025-06-11T13:40:44","modified_gmt":"2025-06-11T11:40:44","slug":"lyondellbasell-tritt-in-eine-vereinbarung-und-exklusive-verhandlungen-mit-aequita-uber-den-verkauf-von-vier-europaischen-vermogenswerten-im-rahmen-der-strategischen-bewertung-ein","status":"publish","type":"post","link":"https:\/\/renewable-carbon.eu\/news\/lyondellbasell-tritt-in-eine-vereinbarung-und-exklusive-verhandlungen-mit-aequita-uber-den-verkauf-von-vier-europaischen-vermogenswerten-im-rahmen-der-strategischen-bewertung-ein\/","title":{"rendered":"LyondellBasell tritt in eine Vereinbarung und exklusive Verhandlungen mit AEQUITA \u00fcber den Verkauf von vier europ\u00e4ischen Verm\u00f6genswerten im Rahmen der strategischen Bewertung ein"},"content":{"rendered":"\n\n<div class=\"wp-block-image\">\n<figure class=\"aligncenter size-full is-resized\"><img loading=\"lazy\" decoding=\"async\" width=\"900\" height=\"636\" src=\"https:\/\/renewable-carbon.eu\/news\/media\/2025\/06\/1749237580388-1.jpg\" alt=\"\" class=\"wp-image-164361\" style=\"aspect-ratio:1.4150943396226414;width:611px;height:auto\" srcset=\"https:\/\/renewable-carbon.eu\/news\/media\/2025\/06\/1749237580388-1.jpg 900w, https:\/\/renewable-carbon.eu\/news\/media\/2025\/06\/1749237580388-1-300x212.jpg 300w, https:\/\/renewable-carbon.eu\/news\/media\/2025\/06\/1749237580388-1-150x106.jpg 150w, https:\/\/renewable-carbon.eu\/news\/media\/2025\/06\/1749237580388-1-768x543.jpg 768w, https:\/\/renewable-carbon.eu\/news\/media\/2025\/06\/1749237580388-1-382x270.jpg 382w\" sizes=\"auto, (max-width: 900px) 100vw, 900px\" \/><figcaption class=\"wp-element-caption\">\u00a9 LyondellBasell<\/figcaption><\/figure><\/div>\n\n\n<p><strong>LyondellBasell (LYB) gab heute bekannt, dass das Unternehmen eine Vereinbarung eingegangen ist und exklusive Verhandlungen mit AEQUITA \u00fcber den Verkauf ausgew\u00e4hlter Verm\u00f6genswerte aus dem Olefine- &amp; Polyolefinbereich und des damit verbundenen Gesch\u00e4fts in Europa aufgenommen hat. Die zu ver\u00e4u\u00dfernden Standorte waren Teil der zuvor angek\u00fcndigten europ\u00e4ischen strategischen Bewertung und befinden sich in Berre (Frankreich), M\u00fcnchsm\u00fcnster (Deutschland), Carrington (Gro\u00dfbritannien) und Tarragona (Spanien).<\/strong><\/p>\n\n\n\n<blockquote class=\"wp-block-quote is-layout-flow wp-block-quote-is-layout-flow\">\n<p>\u201eDiese geplante Transaktion ist ein bedeutender Schritt im Rahmen der Transformation von LYB, um unser Kerngesch\u00e4ft zu erweitern und zu verbessern. Wir verpflichten uns, unsere Anlagen w\u00e4hrend dieses Prozesses sicher und zuverl\u00e4ssig zu betreiben und werden unsere Kunden, Mitarbeiter und andere wichtige Stakeholder weiterhin unterst\u00fctzen\u201c, sagte <strong>Peter Vanacker, Chief Executive Officer von LyondellBasell<\/strong>. \u201eEuropa bleibt ein Kernmarkt f\u00fcr LYB, auf dem wir auch nach dieser Transaktion weiter aktiv sein werden, wobei wir uns st\u00e4rker auf die Wertsch\u00f6pfung durch den Aufbau einer profitablen F\u00fchrungsposition bei Kreislaufl\u00f6sungen und erneuerbaren Energien konzentrieren werden.\u201c<\/p>\n<\/blockquote>\n\n\n\n<p>Zu den Anlagen und Gesch\u00e4ftsbereichen, die von AEQUITA \u00fcbernommen werden sollen, geh\u00f6ren integrierte und nicht integrierte Standorte des europ\u00e4ischen Olefin- und Polyolefingesch\u00e4fts von LyondellBasell sowie unterst\u00fctzende zentrale Funktionen am Hauptsitz des Unternehmens in Rotterdam und an verschiedenen anderen Standorten. Die Standorte bilden zusammen eine skalierte Plattform f\u00fcr Olefine und Polyolefine, die strategisch g\u00fcnstig in der N\u00e4he eines langj\u00e4hrigen Kundenstamms liegt und Zugang zu wichtigen Infrastrukturen und deren Anbindung bietet.<\/p>\n\n\n\n<blockquote class=\"wp-block-quote is-layout-flow wp-block-quote-is-layout-flow\">\n<p>\u201eDer Erwerb dieser Verm\u00f6genswerte von LYB stellt einen weiteren wichtigen Schritt zur Erweiterung unserer industriellen Pr\u00e4senz dar\u201c, sagte <strong>Christoph Himmel, gesch\u00e4ftsf\u00fchrender Gesellschafter bei AEQUITA<\/strong>. \u201eJeder Standort bringt eine starke operative Basis sowie ein hochqualifiziertes und engagiertes Mitarbeiterteam mit. Wir sind zuversichtlich, dass wir ihre Entwicklung unter dem Eigent\u00fcmeransatz von AEQUITA beschleunigen k\u00f6nnen. Wir freuen uns darauf, die Teams in unserer Gruppe willkommen zu hei\u00dfen und gemeinsam mit allen Beteiligten an einem reibungslosen \u00dcbergang und dem Aufbau einer starken Plattform f\u00fcr langfristigen Erfolg zu arbeiten.\u201c<\/p>\n<\/blockquote>\n\n\n\n<p>Die Vereinbarung zwischen LyondellBasell und AEQUITA ist eine Verkaufsoptionsurkunde, in der sich AEQUITA verpflichtet hat, einen im Voraus abgestimmten Kaufvertrag abzuschlie\u00dfen, falls LyondellBasell seine Verkaufsoption aus\u00fcbt \u2013 und zwar nach Abschluss bestimmter Konsultationsverfahren mit dem Betriebsrat.<\/p>\n\n\n\n<p>Der Vollzug der vorgeschlagenen Transaktion wird derzeit in der ersten H\u00e4lfte des Jahres 2026 erwartet, vorbehaltlich des Abschlusses der Informations- und Konsultationsprozesse mit den zust\u00e4ndigen Arbeitnehmervertretungen gem\u00e4\u00df den geltenden Gesetzen sowie der Erf\u00fcllung der regulatorischen und sonstigen \u00fcblichen Vollzugsbedingungen. Citi und J.P. Morgan Securities LLC waren als Finanzberater und Linklaters LLP als Rechtsberater von LyondellBasell t\u00e4tig.<\/p>\n\n\n\n<div style=\"height:12px\" aria-hidden=\"true\" class=\"wp-block-spacer\"><\/div>\n\n\n\n<h3 class=\"wp-block-heading\"><strong>\u00dcber LyondellBasell<\/strong><\/h3>\n\n\n<div class=\"wp-block-image\">\n<figure class=\"alignright size-full is-resized\"><img loading=\"lazy\" decoding=\"async\" width=\"520\" height=\"188\" src=\"https:\/\/renewable-carbon.eu\/news\/media\/2025\/06\/Bildschirmfoto-2025-06-11-um-12.43.25.png\" alt=\"\" class=\"wp-image-164360\" style=\"aspect-ratio:2.765957446808511;width:231px;height:auto\" srcset=\"https:\/\/renewable-carbon.eu\/news\/media\/2025\/06\/Bildschirmfoto-2025-06-11-um-12.43.25.png 520w, https:\/\/renewable-carbon.eu\/news\/media\/2025\/06\/Bildschirmfoto-2025-06-11-um-12.43.25-300x108.png 300w, https:\/\/renewable-carbon.eu\/news\/media\/2025\/06\/Bildschirmfoto-2025-06-11-um-12.43.25-150x54.png 150w, https:\/\/renewable-carbon.eu\/news\/media\/2025\/06\/Bildschirmfoto-2025-06-11-um-12.43.25-400x145.png 400w\" sizes=\"auto, (max-width: 520px) 100vw, 520px\" \/><\/figure><\/div>\n\n\n<p>Wir sind LyondellBasell &#8211; ein f\u00fchrendes Unternehmen der globalen Chemieindustrie, das L\u00f6sungen f\u00fcr ein nachhaltiges Leben im Alltag entwickelt. Durch fortschrittliche Technologien und gezielte Investitionen erm\u00f6glichen wir eine kreislauforientierte und kohlenstoffarme Wirtschaft. Bei allem, was wir tun, sind wir bestrebt, Werte f\u00fcr unsere Kunden, Investoren und die Gesellschaft zu schaffen. Als einer der weltweit gr\u00f6\u00dften Hersteller von Polymeren und f\u00fchrend in der Polyolefintechnologie entwickeln, produzieren und vermarkten wir hochwertige und innovative Produkte f\u00fcr Anwendungen, die von nachhaltigem Transport und Lebensmittelsicherheit bis hin zu sauberem Wasser und hochwertiger Gesundheitsversorgung reichen. Weitere Informationen finden Sie unter <a href=\"https:\/\/www.lyondellbasell.com\/en\/\">www.lyondellbasell.com<\/a>.<\/p>\n\n\n\n<h3 class=\"wp-block-heading\"><strong>\u00dcber AEQUITA<\/strong><\/h3>\n\n\n\n<p>AEQUITA ist eine in M\u00fcnchen ans\u00e4ssige Industriegruppe, die in Sondersituationen investiert \u2013 darunter Unternehmensausgliederungen, Nachfolgeregelungen und Transformationen in ganz Europa. Das aktuelle Portfolio erwirtschaftet einen Umsatz von \u00fcber 3,5 Milliarden Euro. Mit einer starken Kapitalbasis, unternehmerischem Know-how und einem partnerschaftlichen Ansatz konzentriert sich AEQUITA auf den Erwerb und die langfristige Wertsteigerung von Unternehmen, die von ihrem operativen Engagement profitieren k\u00f6nnen. Weitere Informationen finden Sie unter&nbsp;<a href=\"https:\/\/aequita.com\/\">www.aequita.com<\/a>.<\/p>\n","protected":false},"excerpt":{"rendered":"<p>LyondellBasell (LYB) gab heute bekannt, dass das Unternehmen eine Vereinbarung eingegangen ist und exklusive Verhandlungen mit AEQUITA \u00fcber den Verkauf ausgew\u00e4hlter Verm\u00f6genswerte aus dem Olefine- &amp; Polyolefinbereich und des damit verbundenen Gesch\u00e4fts in Europa aufgenommen hat. Die zu ver\u00e4u\u00dfernden Standorte waren Teil der zuvor angek\u00fcndigten europ\u00e4ischen strategischen Bewertung und befinden sich in Berre (Frankreich), M\u00fcnchsm\u00fcnster [&#8230;]<\/p>\n","protected":false},"author":59,"featured_media":164358,"comment_status":"closed","ping_status":"closed","sticky":false,"template":"","format":"standard","meta":{"_seopress_robots_primary_cat":"none","nova_meta_subtitle":"Die Anlagen und Gesch\u00e4ftsbereiche, die von AEQUITA \u00fcbernommen werden sollen, befinden sich in Berre (Frankreich), M\u00fcnchsm\u00fcnster (Deutschland), Carrington (Gro\u00dfbritannien) und Tarragona (Spanien)","footnotes":""},"categories":[5572],"tags":[12477,11841],"supplier":[26504,901],"class_list":["post-164332","post","type-post","status-publish","format-standard","has-post-thumbnail","hentry","category-bio-based","tag-biochemikalien","tag-kreislaufwirtschaft","supplier-aequita","supplier-lyondellbasell-industries"],"_links":{"self":[{"href":"https:\/\/renewable-carbon.eu\/news\/wp-json\/wp\/v2\/posts\/164332","targetHints":{"allow":["GET"]}}],"collection":[{"href":"https:\/\/renewable-carbon.eu\/news\/wp-json\/wp\/v2\/posts"}],"about":[{"href":"https:\/\/renewable-carbon.eu\/news\/wp-json\/wp\/v2\/types\/post"}],"author":[{"embeddable":true,"href":"https:\/\/renewable-carbon.eu\/news\/wp-json\/wp\/v2\/users\/59"}],"replies":[{"embeddable":true,"href":"https:\/\/renewable-carbon.eu\/news\/wp-json\/wp\/v2\/comments?post=164332"}],"version-history":[{"count":0,"href":"https:\/\/renewable-carbon.eu\/news\/wp-json\/wp\/v2\/posts\/164332\/revisions"}],"wp:featuredmedia":[{"embeddable":true,"href":"https:\/\/renewable-carbon.eu\/news\/wp-json\/wp\/v2\/media\/164358"}],"wp:attachment":[{"href":"https:\/\/renewable-carbon.eu\/news\/wp-json\/wp\/v2\/media?parent=164332"}],"wp:term":[{"taxonomy":"category","embeddable":true,"href":"https:\/\/renewable-carbon.eu\/news\/wp-json\/wp\/v2\/categories?post=164332"},{"taxonomy":"post_tag","embeddable":true,"href":"https:\/\/renewable-carbon.eu\/news\/wp-json\/wp\/v2\/tags?post=164332"},{"taxonomy":"supplier","embeddable":true,"href":"https:\/\/renewable-carbon.eu\/news\/wp-json\/wp\/v2\/supplier?post=164332"}],"curies":[{"name":"wp","href":"https:\/\/api.w.org\/{rel}","templated":true}]}}