{"id":160781,"date":"2025-04-01T07:05:00","date_gmt":"2025-04-01T05:05:00","guid":{"rendered":"https:\/\/renewable-carbon.eu\/news\/?p=160781"},"modified":"2025-03-28T12:01:12","modified_gmt":"2025-03-28T11:01:12","slug":"iffa-2025-nachhaltige-verpackungen-von-allfo-und-allvac","status":"publish","type":"post","link":"https:\/\/renewable-carbon.eu\/news\/iffa-2025-nachhaltige-verpackungen-von-allfo-und-allvac\/","title":{"rendered":"IFFA 2025: Nachhaltige Verpackungen von Allfo und Allvac"},"content":{"rendered":"\n\n\n<p><strong>Recycle, reduce, replace: Unter diesem Motto pr\u00e4sentieren die Verpackungsspezialisten <a href=\"https:\/\/www.allfo.de\/index.html\">Allfo<\/a> und <a href=\"https:\/\/www.allvac.de\/index.html\">Allvac<\/a> auf der <a href=\"https:\/\/iffa.messefrankfurt.com\/frankfurt\/de.html\">IFFA<\/a> 2025 in Frankfurt am Main ihre neuen Entwicklungen f\u00fcr nachhaltige Verpackungsl\u00f6sungen. Vom 3. bis 8. Mai stellen die Unternehmen aus Waltenhofen (Allg\u00e4u) in Halle 12.1, Stand C70, Monomaterial-L\u00f6sungen und ressourcenschonende Alternativen vor.<\/strong><\/p>\n\n\n<div class=\"wp-block-image\">\n<figure class=\"aligncenter size-large is-resized\"><img loading=\"lazy\" decoding=\"async\" width=\"1024\" height=\"576\" src=\"https:\/\/renewable-carbon.eu\/news\/media\/2025\/03\/iffa_verpackung_folie.jpeg-1024x576.webp\" alt=\"Allfo und Allvac bieten ein breites Sortiment an individuellen Verpackungen und stellen dieses auf der IFFA 2025 vor. \" class=\"wp-image-160783\" style=\"width:650px\" srcset=\"https:\/\/renewable-carbon.eu\/news\/media\/2025\/03\/iffa_verpackung_folie.jpeg-1024x576.webp 1024w, https:\/\/renewable-carbon.eu\/news\/media\/2025\/03\/iffa_verpackung_folie.jpeg-300x169.webp 300w, https:\/\/renewable-carbon.eu\/news\/media\/2025\/03\/iffa_verpackung_folie.jpeg-150x84.webp 150w, https:\/\/renewable-carbon.eu\/news\/media\/2025\/03\/iffa_verpackung_folie.jpeg-768x432.webp 768w, https:\/\/renewable-carbon.eu\/news\/media\/2025\/03\/iffa_verpackung_folie.jpeg-400x225.webp 400w, https:\/\/renewable-carbon.eu\/news\/media\/2025\/03\/iffa_verpackung_folie.jpeg.webp 1376w\" sizes=\"auto, (max-width: 1024px) 100vw, 1024px\" \/><figcaption class=\"wp-element-caption\">Allfo und Allvac bieten ein breites Sortiment an individuellen Verpackungen und stellen dieses auf der IFFA 2025 vor.&nbsp; \u00a9 Allfo<\/figcaption><\/figure><\/div>\n\n\n<h3 class=\"wp-block-heading\">Monomaterial f\u00fcr verbessertes Recycling<\/h3>\n\n\n\n<p>Ein Highlight auf der Messe sind drei Monomaterial-L\u00f6sungen, die speziell f\u00fcr das Recycling optimiert wurden. Allfo pr\u00e4sentiert den Vakuumbeutel Monoline, w\u00e4hrend Allvac mit den Monoflex-Folien T und O neue Alternativen f\u00fcr die Lebensmittelverpackung bietet. Diese L\u00f6sungen sollen die Recyclingf\u00e4higkeit von Verpackungsmaterialien deutlich verbessern und tragen zur nachhaltigen Kreislaufwirtschaft bei.<\/p>\n\n\n\n<h3 class=\"wp-block-heading\">Vakuumbeutel Monoline: Schutz und Recycling in einem<\/h3>\n\n\n\n<p>Mit Monoline bringt Allfo eine PE-Einstoffl\u00f6sung auf den Markt, die sich durch eine hohe Recyclingf\u00e4higkeit auszeichnet. Der Vakuumbeutel enth\u00e4lt weniger als 5% EVOH und bietet neben hoher Rei\u00dffestigkeit und Flexibilit\u00e4t eine starke Barriereeigenschaft, um Lebensmittel lange frisch zu halten. \u201eDer Ansto\u00df f\u00fcr den Monoline kam direkt aus dem Markt: Bei den H\u00e4ndlern und auch bei den Endkunden stiegt die Nachfrage nach Monomaterial-L\u00f6sungen. Daher haben wir unser Portfolio speziell in diese Richtung erweitert\u201c, erkl\u00e4rt Peter Hotz, Gesch\u00e4ftsf\u00fchrer von Allfo.<\/p>\n\n\n\n<h3 class=\"wp-block-heading\">Materialeinsparung mit Ecoline<\/h3>\n\n\n\n<p>Neben verbesserten Recycling-Eigenschaften setzt Allfo mit dem Vakuumbeutel Ecoline auf eine ressourcenschonende Verpackungsl\u00f6sung. Mit einer reduzierten Materialst\u00e4rke von 50\u00b5 statt \u00fcblicher 90\u00b5 wird der Materialeinsatz um 45% gesenkt. Der Beutel bleibt dennoch robust und recyclingf\u00e4hig.<\/p>\n\n\n\n<h3 class=\"wp-block-heading\">Monoflex-Folien: Vielseitige Anwendungen in der Verpackungsindustrie<\/h3>\n\n\n\n<p>Allvac erweitert sein Sortiment um die Monoflex T und Monoflex O. Die tiefziehbare Unterfolie Monoflex T und die vielseitig einsetzbare Monoflex O, die sich als Deckelfolie oder f\u00fcr Schlauchbeutel eignet, basieren beide auf Polyolefin und lassen sich gut weiterverarbeiten.<\/p>\n\n\n\n<h3 class=\"wp-block-heading\">Allflex ER: Hochbarriere-Folie mit Recyclingf\u00e4higkeit<\/h3>\n\n\n\n<p>Mit Allflex ER bringt Allvac eine Hochbarriere-Folie auf den Markt, die bis zu 97% recyclingf\u00e4hig ist. Diese 11-Schicht-Folie bietet optimalen Schutz f\u00fcr verderbliche Lebensmittel wie Fleisch und Wurst und verl\u00e4ngert deren Haltbarkeit.\u00a0<\/p>\n\n\n\n<p>\u201eDie Allflex ER ist die Weiterentwicklung unserer Folie Allflex E und kommt genau wie ihre Vorreiterin immer dann zum Einsatz, wenn sensible und leicht verderbliche Lebensmittel sicher verpackt werden m\u00fcssen oder hohe Anforderungen an die Haltbarkeit der verpackten Produkte bestehen\u201c, so Dr. Andreas S. Gasse, Gesch\u00e4ftsf\u00fchrer von Allvac.<\/p>\n\n\n\n<h3 class=\"wp-block-heading\">100% Recycling mit Allflex SR<\/h3>\n\n\n\n<p>Die voll recyclingf\u00e4hige Folie Allflex SR steht f\u00fcr Zero-Waste-Verpackungsl\u00f6sungen. Mit hoher Durchsto\u00dffestigkeit, guter Formbarkeit sowie Glanz und Transparenz ist sie f\u00fcr verschiedene Lebensmittel geeignet, darunter auch vegane Alternativen und Convenience-Produkte.<\/p>\n\n\n\n<h3 class=\"wp-block-heading\">Breites Produktportfolio, individuelle Verpackungsl\u00f6sungen<\/h3>\n\n\n\n<p>Neben den nachhaltigen Innovationen pr\u00e4sentieren Allfo und Allvac ihre bew\u00e4hrten Verpackungsl\u00f6sungen. Allfo zeigt Siegelrand-, Schlauch- und Standbodenbeutel sowie bedruckte Vakuumbeutel. Allvac stellt seine hochwertigen PA\/PE-Verbundfolien f\u00fcr die Lebensmittelindustrie vor. \u201eWir bieten f\u00fcr jede Kundenanforderung die optimale Verpackung\u201c, betont Dr. Andreas S. Gasse. Zudem sind alle Beutel und Folien der Unternehmen halal- und koscherzertifiziert.<\/p>\n\n\n\n<p>Mit ihren nachhaltigen Verpackungsl\u00f6sungen setzen Allfo und Allvac auf der IFFA 2025 ein starkes Zeichen f\u00fcr Umweltfreundlichkeit und Ressourcenschonung in der Lebensmittelverpackung.<\/p>\n","protected":false},"excerpt":{"rendered":"<p>Recycle, reduce, replace: Unter diesem Motto pr\u00e4sentieren die Verpackungsspezialisten Allfo und Allvac auf der IFFA 2025 in Frankfurt am Main ihre neuen Entwicklungen f\u00fcr nachhaltige Verpackungsl\u00f6sungen. Vom 3. bis 8. Mai stellen die Unternehmen aus Waltenhofen (Allg\u00e4u) in Halle 12.1, Stand C70, Monomaterial-L\u00f6sungen und ressourcenschonende Alternativen vor. Monomaterial f\u00fcr verbessertes Recycling Ein Highlight auf der [&#8230;]<\/p>\n","protected":false},"author":114,"featured_media":160783,"comment_status":"closed","ping_status":"closed","sticky":false,"template":"","format":"standard","meta":{"_seopress_robots_primary_cat":"none","nova_meta_subtitle":"  Wie nachhaltige Verpackungen die Kreislaufwirtschaft st\u00e4rken, zeigen Allfo und Allvac mit recyclingf\u00e4higen L\u00f6sungen auf der IFFA 2025","footnotes":""},"categories":[17143],"tags":[12756,11841,26000,10527,10453,22608,13184],"supplier":[26002,26001,1012],"class_list":["post-160781","post","type-post","status-publish","format-standard","has-post-thumbnail","hentry","category-recycling","tag-folien","tag-kreislaufwirtschaft","tag-lebensmittelverpackung","tag-nachhaltigkeit","tag-recycling","tag-verbundfolien","tag-verpackung","supplier-allfo","supplier-allvac","supplier-messe-frankfurt-gmbh"],"_links":{"self":[{"href":"https:\/\/renewable-carbon.eu\/news\/wp-json\/wp\/v2\/posts\/160781","targetHints":{"allow":["GET"]}}],"collection":[{"href":"https:\/\/renewable-carbon.eu\/news\/wp-json\/wp\/v2\/posts"}],"about":[{"href":"https:\/\/renewable-carbon.eu\/news\/wp-json\/wp\/v2\/types\/post"}],"author":[{"embeddable":true,"href":"https:\/\/renewable-carbon.eu\/news\/wp-json\/wp\/v2\/users\/114"}],"replies":[{"embeddable":true,"href":"https:\/\/renewable-carbon.eu\/news\/wp-json\/wp\/v2\/comments?post=160781"}],"version-history":[{"count":0,"href":"https:\/\/renewable-carbon.eu\/news\/wp-json\/wp\/v2\/posts\/160781\/revisions"}],"wp:featuredmedia":[{"embeddable":true,"href":"https:\/\/renewable-carbon.eu\/news\/wp-json\/wp\/v2\/media\/160783"}],"wp:attachment":[{"href":"https:\/\/renewable-carbon.eu\/news\/wp-json\/wp\/v2\/media?parent=160781"}],"wp:term":[{"taxonomy":"category","embeddable":true,"href":"https:\/\/renewable-carbon.eu\/news\/wp-json\/wp\/v2\/categories?post=160781"},{"taxonomy":"post_tag","embeddable":true,"href":"https:\/\/renewable-carbon.eu\/news\/wp-json\/wp\/v2\/tags?post=160781"},{"taxonomy":"supplier","embeddable":true,"href":"https:\/\/renewable-carbon.eu\/news\/wp-json\/wp\/v2\/supplier?post=160781"}],"curies":[{"name":"wp","href":"https:\/\/api.w.org\/{rel}","templated":true}]}}