{"id":154103,"date":"2024-11-22T07:23:00","date_gmt":"2024-11-22T06:23:00","guid":{"rendered":"https:\/\/renewable-carbon.eu\/news\/?p=154103"},"modified":"2024-11-19T16:12:20","modified_gmt":"2024-11-19T15:12:20","slug":"kreislaufwirtschaft-den-rohstoff-holz-immer-wieder-einsammeln","status":"publish","type":"post","link":"https:\/\/renewable-carbon.eu\/news\/kreislaufwirtschaft-den-rohstoff-holz-immer-wieder-einsammeln\/","title":{"rendered":"Kreislaufwirtschaft: Den Rohstoff Holz immer wieder einsammeln"},"content":{"rendered":"\n\n<div class=\"wp-block-image\">\n<figure class=\"alignright size-full is-resized\"><img loading=\"lazy\" decoding=\"async\" width=\"462\" height=\"500\" src=\"https:\/\/renewable-carbon.eu\/news\/media\/2024\/11\/Bildschirmfoto-2024-11-19-um-14.59.47.png\" alt=\"\" class=\"wp-image-154128\" style=\"aspect-ratio:0.924;width:277px;height:auto\" srcset=\"https:\/\/renewable-carbon.eu\/news\/media\/2024\/11\/Bildschirmfoto-2024-11-19-um-14.59.47.png 462w, https:\/\/renewable-carbon.eu\/news\/media\/2024\/11\/Bildschirmfoto-2024-11-19-um-14.59.47-277x300.png 277w, https:\/\/renewable-carbon.eu\/news\/media\/2024\/11\/Bildschirmfoto-2024-11-19-um-14.59.47-139x150.png 139w, https:\/\/renewable-carbon.eu\/news\/media\/2024\/11\/Bildschirmfoto-2024-11-19-um-14.59.47-249x270.png 249w\" sizes=\"auto, (max-width: 462px) 100vw, 462px\" \/><figcaption class=\"wp-element-caption\">Bundesminister Cem \u00d6zdemir: \u201eWir brauchen Holz dringend, um Herausforderungen wie die Klimakrise zu bew\u00e4ltigen&#8221;. \u00a9 BMEL \/ FNR \/ photothek.de<\/figcaption><\/figure><\/div>\n\n\n<p><strong>\u201eHolz im Kreislauf \u2013 Treiber f\u00fcr Innovation!\u201c lautete der Titel der gestrigen Dialogveranstaltung zur Charta f\u00fcr Holz 2.0. Auf der Veranstaltung des Bundesministeriums f\u00fcr Ern\u00e4hrung und Landwirtschaft (BMEL) in Kooperation mit dem Bundesverband Nachhaltige Wirtschaft (BNW) diskutierten Fachleute und Entscheidungstr\u00e4ger aus Verwaltung, Wissenschaft und der Forst- und Holzindustrie in Berlin \u00fcber die Potenziale und Herausforderungen der Holz-Kreislaufwirtschaft. Die Diskussion wurde vor Ort und online von mehr als 550 Interessierten verfolgt.<\/strong><\/p>\n\n\n\n<p>Angesichts von Klimawandel, Waldumbau und knapper werdenden Ressourcen ging es um die Frage, wie Holz im Kreislauf zur Transformation in die zirkul\u00e4re Bio\u00f6konomie beitragen kann und welche Schritte f\u00fcr die kreislauff\u00e4hige, ressourceneffiziente Holzverwendung im Cluster Forst und Holz zu unternehmen sind.<\/p>\n\n\n\n<p>Cem \u00d6zdemir, Bundesminister f\u00fcr Ern\u00e4hrung und Landwirtschaft, unterstrich in seiner Er\u00f6ffnungsrede die Rolle von Holz als Deutschlands wichtigstem nachwachsenden Rohstoff.<\/p>\n\n\n\n<blockquote class=\"wp-block-quote is-layout-flow wp-block-quote-is-layout-flow\">\n<p>\u201eWir brauchen Holz dringend, um die Herausforderungen unserer Zeit wie die Klimakrise zu bew\u00e4ltigen\u201c, so <strong>\u00d6zdemir<\/strong>. Holz mit seiner F\u00e4higkeit, Kohlenstoff langfristig zu binden, m\u00fcsse, wo technisch m\u00f6glich und wirtschaftlich sinnvoll, vorrangig f\u00fcr die stoffliche Nutzung bereitstehen. \u201eDie langfristige Nutzung von Holz in der Kreislaufwirtschaft ist angesichts begrenzter Ressourcen ein ganz entscheidender Schl\u00fcssel\u201c, sagte er auch unter Verweis auf die von der Bundesregierung vorbereitete Nationale Kreislaufwirtschaftsstrategie.<\/p>\n<\/blockquote>\n\n\n\n<p>Dr. Katharina Reuter, Gesch\u00e4ftsf\u00fchrerin des Bundesverbandes Nachhaltige Wirtschaft, forderte Cem \u00d6zdemir auf, die von Wirtschaftsverb\u00e4nden, Unternehmen und Politik vorbereitete Kabinettsvorlage zur Kreislaufwirtschaftsstrategie trotz der aktuellen Lage \u201ezu verabschieden\u201c, und verdeutlichte anhand markanter Zahlen u.a. die volkswirtschaftliche Bedeutung der Kreislaufwirtschaft. Bei den Patentanmeldungen f\u00fcr die dazu notwendigen \u201esauberen Technologien\u201c sei Deutschland derzeit noch mit 37 Prozent EU-Spitzenreiter. Deutschlands Zirkularit\u00e4tsrate hatte 2022 bei 13 Prozent gelegen (EU: 11,5, Welt: 7,2 Prozent).<\/p>\n\n\n\n<blockquote class=\"wp-block-quote is-layout-flow wp-block-quote-is-layout-flow\">\n<p>\u201eWirtschaftlich sind die im Vorteil, die es schaffen, ihre Rohstoffe wieder einzusammeln\u201c, veranschaulichte auch <strong>Prof. Dr. Andreas Krause vom Th\u00fcnen-Institut f\u00fcr Holzforschung<\/strong> unter Bezug auf die j\u00fcngsten Zahlen der Bundeswaldinventur die Notwendigkeit der Kreislauff\u00fchrung bei der Holznutzung. Weniger Holz aus dem Wald gebe es k\u00fcnftig u. a. deshalb, weil Laubb\u00e4ume langsamer wachsen als Nadelb\u00e4ume. Wegweisend zur Reduzierung von Prim\u00e4r- und hin zur Verwendung von Sekund\u00e4rrohstoffen seien u. a. die sogenannten\u00a0<a rel=\"noreferrer noopener\" href=\"https:\/\/www.din.de\/de\/forschung-und-innovation\/themen\/circular-economy\/normenrecherche\/modell-der-r-strategien\" target=\"_blank\">R-Strategien<\/a>.<\/p>\n<\/blockquote>\n\n\n\n<h3 class=\"wp-block-heading\"><strong>Praktische Einblicke: Erfolgsmodelle der zirkul\u00e4ren Holzwirtschaft<\/strong><\/h3>\n\n\n\n<p>Auf der Veranstaltung hatten junge Unternehmen ihre Ans\u00e4tze zur kreislauff\u00e4higen Holznutzung pr\u00e4sentiert, darunter das Start-Up TRIQBRIQ, das ein patentiertes Bausystem aus modularen Holzbausteinen, sogenannten BRIQs entwickelte, die aus Industrie-, Recycling- und Kalamit\u00e4tsholz hergestellt werden, au\u00dferdem das Unternehmen Concular GmbH, das sich auf Softwareentwicklung und Beratung f\u00fcr zirkul\u00e4res Bauen und zirkul\u00e4re Immobilien spezialisiert hat. Direkt aus der Praxis berichteten ebenfalls die Ligenium GmbH \u00fcber Transportsysteme aus Holz sowie die Voodin Blade Technology GmbH, die mit der Produktion von Rotorbl\u00e4ttern f\u00fcr Windkraftanlagen ein neues Technologiefeld f\u00fcr den Einsatz von Holz erschloss. In themenspezifischen \u201eWood-Caf\u00e9s\u201c und Diskussionsrunden stellten die Beteiligten k\u00fcnftige Schritte und Herausforderungen der Holz-Kreislaufwirtschaft heraus.<\/p>\n\n\n\n<p><strong>Die Veranstaltung ist online abrufbar:\u00a0<a rel=\"noreferrer noopener\" href=\"https:\/\/www.charta-fuer-holz.de\/charta-aktivitaeten\/charta-im-dialog-2024\/livestream\" target=\"_blank\">https:\/\/www.charta-fuer-holz.de\/charta-aktivitaeten\/charta-im-dialog-2024\/livestream<\/a><\/strong><\/p>\n\n\n<div class=\"wp-block-image\">\n<figure class=\"aligncenter size-full\"><img loading=\"lazy\" decoding=\"async\" width=\"677\" height=\"470\" src=\"https:\/\/renewable-carbon.eu\/news\/media\/2024\/11\/Bildschirmfoto-2024-11-19-um-15.00.45.png\" alt=\"\" class=\"wp-image-154129\" srcset=\"https:\/\/renewable-carbon.eu\/news\/media\/2024\/11\/Bildschirmfoto-2024-11-19-um-15.00.45.png 677w, https:\/\/renewable-carbon.eu\/news\/media\/2024\/11\/Bildschirmfoto-2024-11-19-um-15.00.45-300x208.png 300w, https:\/\/renewable-carbon.eu\/news\/media\/2024\/11\/Bildschirmfoto-2024-11-19-um-15.00.45-150x104.png 150w, https:\/\/renewable-carbon.eu\/news\/media\/2024\/11\/Bildschirmfoto-2024-11-19-um-15.00.45-389x270.png 389w\" sizes=\"auto, (max-width: 677px) 100vw, 677px\" \/><figcaption class=\"wp-element-caption\">Sie stellten sich der Diskussion zur Kreislaufwirtschaft: Dr. Katharina Reuter, Gesch\u00e4ftsf\u00fchrerin des Bundesverbandes Nachhaltige Wirtschaft, Bundesminister Cem \u00d6zdemir und Prof. Dr. Andreas Krause, Leiter des Th\u00fcnen-Institutes f\u00fcr Holzforschung (3.v.l.), im Bild mit Dr. Eckhard Heuer aus dem BMEL und Dr. Andreas Sch\u00fctte, Gesch\u00e4ftsf\u00fchrer der FNR (r.). \u00a9 BMEL \/ FNR \/ photothek.de<\/figcaption><\/figure><\/div>\n\n\n<p><\/p>\n\n\n\n<h3 class=\"wp-block-heading\"><strong>Hintergrund<\/strong><\/h3>\n\n\n\n<p>Die 2017 initiierte Charta f\u00fcr Holz 2.0 des Bundesministeriums f\u00fcr Ern\u00e4hrung und Landwirtschaft (BMEL) stellt den Handlungsrahmen f\u00fcr die Nutzung von Holz aus nachhaltiger Forstwirtschaft und f\u00fcr den dauerhaften gesellschaftlichen Dialog zu Klimaschutz, Schonung fossiler Ressourcen und St\u00e4rkung der l\u00e4ndlichen R\u00e4ume durch Holznutzung dar. Die Ziele der Charta \u2013 Klima sch\u00fctzen. Werte schaffen. Ressourcen schonen. \u2013 werden in\u00a0<a rel=\"noreferrer noopener\" target=\"_blank\">Handlungsfeldern<\/a>\u00a0definiert und mit Hilfe von Arbeitsgruppen im Cluster Forst und Holz umgesetzt. Die Fachagentur Nachwachsende Rohstoffe e.V. (FNR) betreut im Auftrag des BMEL die Arbeitsgruppen und organisiert Fachgespr\u00e4che, Plattformen und Tagungen f\u00fcr die beteiligten Interessengruppen sowie die j\u00e4hrliche Veranstaltung \u201eCharta f\u00fcr Holz 2.0 im Dialog\u201c. Koordiniert wird der Charta-Prozess von einer Steuerungsgruppe des BMEL.<\/p>\n\n\n\n<p><strong>Weiterf\u00fchrende Informationen liefert der aktuelle Statusbericht der \u201eCharta f\u00fcr Holz 2.0\u201c.<\/strong><br><a href=\"https:\/\/mediathek.fnr.de\/charta-fur-holz-2-0-statusbericht-2022-24.html\"><strong>https:\/\/mediathek.fnr.de\/charta-fur-holz-2-0-statusbericht-2022-24.html<\/strong><\/a><\/p>\n\n\n\n<p><\/p>\n\n\n\n<p><a rel=\"noreferrer noopener\" href=\"https:\/\/www.fnr.de\/fnr-struktur-aufgaben-lage\/fachagentur-nachwachsende-rohstoffe-fnr\" target=\"_blank\"><strong>\u00dcber die FNR<\/strong><\/a><\/p>\n\n\n\n<p><\/p>\n\n\n\n<h3 class=\"wp-block-heading\">Kontakt<strong>\u00a0<\/strong><\/h3>\n\n\n\n<p>Fachagentur Nachwachsende Rohstoffe e.V.<br>Mandy Ender<br>Tel.:\u00a0+49 3843 6930-215<br>E-Mail:\u00a0<a href=\"mailto:m.ender@fnr.de\">m.ender@fnr.de<\/a><\/p>\n","protected":false},"excerpt":{"rendered":"<p>\u201eHolz im Kreislauf \u2013 Treiber f\u00fcr Innovation!\u201c lautete der Titel der gestrigen Dialogveranstaltung zur Charta f\u00fcr Holz 2.0. Auf der Veranstaltung des Bundesministeriums f\u00fcr Ern\u00e4hrung und Landwirtschaft (BMEL) in Kooperation mit dem Bundesverband Nachhaltige Wirtschaft (BNW) diskutierten Fachleute und Entscheidungstr\u00e4ger aus Verwaltung, Wissenschaft und der Forst- und Holzindustrie in Berlin \u00fcber die Potenziale und Herausforderungen [&#8230;]<\/p>\n","protected":false},"author":59,"featured_media":154130,"comment_status":"closed","ping_status":"closed","sticky":false,"template":"","format":"standard","meta":{"_seopress_robots_primary_cat":"none","nova_meta_subtitle":"\u201eCharta f\u00fcr Holz im Dialog\u201c zur Zirkularit\u00e4t ","footnotes":""},"categories":[5572],"tags":[10608,13536,13185,11841],"supplier":[6286,25196,14409,25195,19232,20086,22852,24057,23947],"class_list":["post-154103","post","type-post","status-publish","format-standard","has-post-thumbnail","hentry","category-bio-based","tag-biooekonomie","tag-forstwirtschaft","tag-holz","tag-kreislaufwirtschaft","supplier-bundesministerium-ernahrung-landwirtschaft","supplier-bundesverband-nachhaltige-wirtschaft-bnw","supplier-charta-fuer-holz","supplier-concular-gmbh","supplier-fachagentur-nachwachsende-rohstoffe-e-v-fnr","supplier-ligenium","supplier-thunen-institut-fur-holzforschung","supplier-triqbriq-holzbausystem","supplier-https-voodin-blades-com"],"_links":{"self":[{"href":"https:\/\/renewable-carbon.eu\/news\/wp-json\/wp\/v2\/posts\/154103","targetHints":{"allow":["GET"]}}],"collection":[{"href":"https:\/\/renewable-carbon.eu\/news\/wp-json\/wp\/v2\/posts"}],"about":[{"href":"https:\/\/renewable-carbon.eu\/news\/wp-json\/wp\/v2\/types\/post"}],"author":[{"embeddable":true,"href":"https:\/\/renewable-carbon.eu\/news\/wp-json\/wp\/v2\/users\/59"}],"replies":[{"embeddable":true,"href":"https:\/\/renewable-carbon.eu\/news\/wp-json\/wp\/v2\/comments?post=154103"}],"version-history":[{"count":0,"href":"https:\/\/renewable-carbon.eu\/news\/wp-json\/wp\/v2\/posts\/154103\/revisions"}],"wp:featuredmedia":[{"embeddable":true,"href":"https:\/\/renewable-carbon.eu\/news\/wp-json\/wp\/v2\/media\/154130"}],"wp:attachment":[{"href":"https:\/\/renewable-carbon.eu\/news\/wp-json\/wp\/v2\/media?parent=154103"}],"wp:term":[{"taxonomy":"category","embeddable":true,"href":"https:\/\/renewable-carbon.eu\/news\/wp-json\/wp\/v2\/categories?post=154103"},{"taxonomy":"post_tag","embeddable":true,"href":"https:\/\/renewable-carbon.eu\/news\/wp-json\/wp\/v2\/tags?post=154103"},{"taxonomy":"supplier","embeddable":true,"href":"https:\/\/renewable-carbon.eu\/news\/wp-json\/wp\/v2\/supplier?post=154103"}],"curies":[{"name":"wp","href":"https:\/\/api.w.org\/{rel}","templated":true}]}}