{"id":13474,"date":"2013-07-29T00:00:00","date_gmt":"2013-07-28T22:00:00","guid":{"rendered":"http:\/\/www.bio-based.eu\/news\/index.php?startid=20130729-05n"},"modified":"2013-07-29T00:00:00","modified_gmt":"2013-07-28T22:00:00","slug":"nature-biotechnology-benennt-weltspitze-der-biotechnologie","status":"publish","type":"post","link":"https:\/\/renewable-carbon.eu\/news\/nature-biotechnology-benennt-weltspitze-der-biotechnologie\/","title":{"rendered":"Nature Biotechnology benennt Weltspitze der Biotechnologie"},"content":{"rendered":"<p><b>Vor zehn Jahren ist das erste Heft von Nature Biotechnology erschienen \u2013 jetzt zieht das Fachmagazin in seiner aktuellen Ausgabe ein Fazit der Branche (Vol. 24, M\u00e4rz 2006). Die Redaktion blickt zur\u00fcck auf wirtschaftliche, rechtliche und wissenschaftliche Entwicklungen und stellt ein &#8220;Who is Who&#8221; der weltweiten Biotechnologie vor. In einer der acht Kategorien haben es auch zwei Deutsche aufs Siegerpodest geschafft. Ingo Potrykus und Peter Beyer, die Erfinder des Goldenen Reises, setzten sich in der Kategorie Landwirtschafts-, Umwelt- und Industrielle Biotechnologie als Gewinner durch. Lobend erw\u00e4hnt wurden der Biochemiker Tom Tuschl (Kategorie Technologie) und der Stammzellexperte Rudolf Jaenisch (Kategorie Biopharmaka). Sieben weitere Deutsche wurden in den Kategorien Politik und Europ\u00e4ische Biowirtschaft nominiert.<\/b><\/p>\n<p>F\u00fcr die acht Kategorien Gesellschaft und Ethik, Politik und Recht, Biopharmaka, Technologie, Europ\u00e4ische Biowirtschaft, US-Biowirtschaft, Biowirtschaft im Rest der Welt sowie Landwirtschafts-, Umwelt- und Industrielle Biotechnologie wurden ingesamt 291 Vorschl\u00e4ge eingereicht. Auch zwei Deutsche konnten sich dabei als Gewinner durchsetzen: Ingo Potrykus, emeritierter Professor an der Eidgen\u00f6ssischen Hochschule (ETH) in Z\u00fcrich und Peter Beyer von der Universit\u00e4t Freiburg. Beide hatten 1999 erstmals eine gentechnisch ver\u00e4nderte Reissorte entwickelt, die aufgrund zweier zus\u00e4tzlich eingebauter Gene Provitamin A anreichern kann. <\/p>\n<p><i>&#8230; Vollst\u00e4ndiger Text: <a href=\"http:\/\/www.biotechnologie.de\/BIO\/Navigation\/DE\/root,did=37720.html\" >www.biotechnologie.de\/BIO\/Navigation\/DE\/root,did=37720.html<\/a><\/p>\n<p>Tags: siRNA, Genomanalyse, SILAC, Klon, Biotech-Spitze<\/i><\/p>\n","protected":false},"excerpt":{"rendered":"<p><b>Vor zehn Jahren ist das erste Heft von Nature Biotechnology erschienen &ndash; jetzt zieht das Fachmagazin in seiner aktuellen Ausgabe ein Fazit der Branche (Vol.<\/b><\/p>\n","protected":false},"author":3,"featured_media":0,"comment_status":"closed","ping_status":"closed","sticky":false,"template":"","format":"standard","meta":{"_seopress_robots_primary_cat":"","nova_meta_subtitle":"","footnotes":""},"categories":[5572],"tags":[],"supplier":[2196,277,5344,5346,1936,5345,5343,5347,3094,3773,4543,409],"class_list":["post-13474","post","type-post","status-publish","format-standard","hentry","category-bio-based","supplier-biom-wb-gmbh","supplier-eidgenoessische-technische-hochschule-zuerich-eth-zuerich","supplier-gesellschaft-fuer-biotechnologische-forschung-gbf","supplier-lion-biosciences","supplier-massachusetts-institute-of-technology","supplier-max-planck-institut-fuer-biochemie","supplier-max-planck-institut-fuer-biophysikalische-chemie","supplier-medigene-ag","supplier-morphosys","supplier-nature-biotechnology","supplier-rockefeller-university","supplier-universitaet-freiburg"],"_links":{"self":[{"href":"https:\/\/renewable-carbon.eu\/news\/wp-json\/wp\/v2\/posts\/13474","targetHints":{"allow":["GET"]}}],"collection":[{"href":"https:\/\/renewable-carbon.eu\/news\/wp-json\/wp\/v2\/posts"}],"about":[{"href":"https:\/\/renewable-carbon.eu\/news\/wp-json\/wp\/v2\/types\/post"}],"author":[{"embeddable":true,"href":"https:\/\/renewable-carbon.eu\/news\/wp-json\/wp\/v2\/users\/3"}],"replies":[{"embeddable":true,"href":"https:\/\/renewable-carbon.eu\/news\/wp-json\/wp\/v2\/comments?post=13474"}],"version-history":[{"count":0,"href":"https:\/\/renewable-carbon.eu\/news\/wp-json\/wp\/v2\/posts\/13474\/revisions"}],"wp:attachment":[{"href":"https:\/\/renewable-carbon.eu\/news\/wp-json\/wp\/v2\/media?parent=13474"}],"wp:term":[{"taxonomy":"category","embeddable":true,"href":"https:\/\/renewable-carbon.eu\/news\/wp-json\/wp\/v2\/categories?post=13474"},{"taxonomy":"post_tag","embeddable":true,"href":"https:\/\/renewable-carbon.eu\/news\/wp-json\/wp\/v2\/tags?post=13474"},{"taxonomy":"supplier","embeddable":true,"href":"https:\/\/renewable-carbon.eu\/news\/wp-json\/wp\/v2\/supplier?post=13474"}],"curies":[{"name":"wp","href":"https:\/\/api.w.org\/{rel}","templated":true}]}}