{"id":13419,"date":"2013-09-19T00:00:00","date_gmt":"2013-09-18T22:00:00","guid":{"rendered":"http:\/\/www.bio-based.eu\/news\/index.php?startid=20130919-01n"},"modified":"2013-09-19T00:00:00","modified_gmt":"2013-09-18T22:00:00","slug":"wirtschaftsvereinigung-composites-germany-gegruendet","status":"publish","type":"post","link":"https:\/\/renewable-carbon.eu\/news\/wirtschaftsvereinigung-composites-germany-gegruendet\/","title":{"rendered":"Wirtschaftsvereinigung Composites Germany gegr\u00fcndet"},"content":{"rendered":"<p><b><\/p>\n<div style=\"float:right;margin-left:10px;\">\n<table border=\"0\">\n<tr>\n<td><img SRC=\"https:\/\/renewable-carbon.eu\/news\/wp-content\/uploads\/news-images\/20130919-01\/pressemitteilung_01_2013.jpg\" align=\"left\" BORDER=\"0\" ALT=\"Die Mitglieder der Gr\u00fcndungssitzung von Composites Germany, von links nach rechts: Patrick Mar-<br \/>kert, Prof. Axel Herrmann und Dr. Dieter Meiners (CFK- Valley), Dr. Reinhard Janta und Dr. Hans-Wolf-<br \/>gang Schr\u00f6der (CCeV), Dr. Elmar Witten (AVK), Thorsten K\u00fchmann und Dr. Walter Begemann und <br \/>Thomas Waldmann (VDMA), Dr. Michael Effing (AVK)&#8221;><\/td>\n<\/tr>\n<tr>\n<td style=\"font-size:10px;\" align=\"left\">Die Mitglieder der Gr\u00fcndungssitzung von Composites Germany, von links nach rechts: Patrick Mar-<br \/>kert, Prof. Axel Herrmann und Dr. Dieter Meiners (CFK- Valley), Dr. Reinhard Janta und Dr. Hans-Wolf-<br \/>gang Schr\u00f6der (CCeV), Dr. Elmar Witten (AVK), Thorsten K\u00fchmann und Dr. Walter Begemann und <br \/>Thomas Waldmann (VDMA), Dr. Michael Effing (AVK)<\/td>\n<\/tr>\n<\/table>\n<\/div>\n<p>Die vier Verb\u00e4nde und Organisationen der deutschen Faserverbund-Industrie haben im Rahmen der <a href=\"http:\/\/www.composites-europe.com\/\" >Composites Europe 2013<\/a> die Gr\u00fcndung einer gemeinsamen Dachorganisation bekannt gegeben: Sie bilden in Zukunft die Wirtschaftsvereinigung &#8220;Composites Germany&#8221;. Gr\u00fcndungsmitglieder von Composites Germany mit Sitz in Berlin sind die AVK \u2013 Industrievereinigung Verst\u00e4rkte Kunststoffe e.V. (AVK), der Carbon Composites e.V. (CCeV), der CFK-Valley Stade e.V. (CFK-Valley) und das Forum Composite Technology im VDMA (VDMA).<\/b><\/p>\n<p>Zweck der neuen Dachorganisation ist es, die deutsche Composites-Industrie und -Forschung zu st\u00e4rken, gemeinsame Positionen zu bestimmen und \u00fcbergreifende Interessen wahrzunehmen. Dabei beh\u00e4lt jede Mitgliedsorganisation ihre Eigenst\u00e4ndigkeit. Insbesondere f\u00fcr die in Deutschland besonderers relevanten Zukunftsthemen Hochleistungs-Composites und automatisierte Produktionstechniken werden aber die Kr\u00e4fte geb\u00fcndelt.<\/p>\n<p>Arbeitsschwerpunkte sind u.a. die Themen Lobbying und \u00d6ffentlichkeitsarbeit, die F\u00f6rderung von Technologie und Innovation sowie gemeinsame Messe- Auftritte sowie Veranstaltungs- und Bildungskonzepte. Zum Thema Marktinformation wird es eine halbj\u00e4hrliche \u2013 bereits im Juli dieses Jahres gestartete &#8211; Befragung aller Mitgliedsunternehmen der Gr\u00fcndungsmitglieder geben. Das Thema Normung und Standardisierung wird bereits in einem ersten gemeinsamen Arbeitskreismit den Schwerpunkten Materialeigenschaften und Pr\u00fcfverfahren bearbeitet.<\/p>\n<p>Zum Sprecher der Gesch\u00e4ftsf\u00fchrung von Composites Germany wurde Dr. Elmar Witten, AVK &#8211; Gesch\u00e4ftsf\u00fchrer, berufen. &#8220;Die neue Website von Composites Germany (<a href=\"http:\/\/www.composites-germany.org\/\" >www.composites-germany.org<\/a>) stellt die Organisation und ihre Aktivit\u00e4ten vor und verfolgt auch das Ziel, alle Interessenten am Thema Composites effektiv an die richtigen Ansprechpartner in der Industrie vermitteln zu k\u00f6nnen&#8221;, so Elmar Witten.<\/p>\n","protected":false},"excerpt":{"rendered":"<p><b><br \/>Die vier Verb&auml;nde und Organisationen der deutschen Faserverbund-Industrie haben im Rahmen der Composites Europe 2013 die Gr&uuml;ndung einer gemeinsamen Dachorganisation bekannt gegeben: Sie bilden<\/b><\/p>\n","protected":false},"author":3,"featured_media":0,"comment_status":"closed","ping_status":"closed","sticky":false,"template":"","format":"standard","meta":{"_seopress_robots_primary_cat":"","nova_meta_subtitle":"","footnotes":""},"categories":[5572],"tags":[],"supplier":[21411,903],"class_list":["post-13419","post","type-post","status-publish","format-standard","hentry","category-bio-based","supplier-avk-industrievereinigung-verstarkte-kunststoffe-e-v","supplier-verband-deutscher-maschinen-und-anlagenbau-ev-vdma"],"_links":{"self":[{"href":"https:\/\/renewable-carbon.eu\/news\/wp-json\/wp\/v2\/posts\/13419","targetHints":{"allow":["GET"]}}],"collection":[{"href":"https:\/\/renewable-carbon.eu\/news\/wp-json\/wp\/v2\/posts"}],"about":[{"href":"https:\/\/renewable-carbon.eu\/news\/wp-json\/wp\/v2\/types\/post"}],"author":[{"embeddable":true,"href":"https:\/\/renewable-carbon.eu\/news\/wp-json\/wp\/v2\/users\/3"}],"replies":[{"embeddable":true,"href":"https:\/\/renewable-carbon.eu\/news\/wp-json\/wp\/v2\/comments?post=13419"}],"version-history":[{"count":0,"href":"https:\/\/renewable-carbon.eu\/news\/wp-json\/wp\/v2\/posts\/13419\/revisions"}],"wp:attachment":[{"href":"https:\/\/renewable-carbon.eu\/news\/wp-json\/wp\/v2\/media?parent=13419"}],"wp:term":[{"taxonomy":"category","embeddable":true,"href":"https:\/\/renewable-carbon.eu\/news\/wp-json\/wp\/v2\/categories?post=13419"},{"taxonomy":"post_tag","embeddable":true,"href":"https:\/\/renewable-carbon.eu\/news\/wp-json\/wp\/v2\/tags?post=13419"},{"taxonomy":"supplier","embeddable":true,"href":"https:\/\/renewable-carbon.eu\/news\/wp-json\/wp\/v2\/supplier?post=13419"}],"curies":[{"name":"wp","href":"https:\/\/api.w.org\/{rel}","templated":true}]}}