{"id":13258,"date":"2013-02-27T00:00:00","date_gmt":"2013-02-26T22:00:00","guid":{"rendered":"http:\/\/www.bio-based.eu\/news\/index.php?startid=20130227-02n"},"modified":"2013-02-27T00:00:00","modified_gmt":"2013-02-26T22:00:00","slug":"bedeutendste-veranstaltung-der-biokunststoffindustrie-wieder-in-berlin","status":"publish","type":"post","link":"https:\/\/renewable-carbon.eu\/news\/bedeutendste-veranstaltung-der-biokunststoffindustrie-wieder-in-berlin\/","title":{"rendered":"Bedeutendste Veranstaltung der Biokunststoffindustrie wieder in Berlin"},"content":{"rendered":"<p><b>Die 8. European Bioplastics Konferenz wird am 10. und 11. Dezember 2013 im InterContinental Hotel in Berlin stattfinden, k\u00fcndigte European Bioplastics, der Verband der europ\u00e4ischen Biokunststoffbranche, heute an.<\/b><\/p>\n<p>&#8220;Biokunststoffe sind teil einer biobasierten Zukunft Europas und die diesj\u00e4hrige Konferenz wird das immense Potential der Branche von allen Seiten beleuchten,&#8221; kommentiert Andy Sweetman, Vorstandsvorsitzender von European Bioplastics. &#8220;In einem Markt, in dem Biokunststoffe aus ihrer Nische heraustreten, besteht unsere aktuelle Herausforderung darin, Biokunststoffe f\u00fcr Gesch\u00e4ftskontakte und Endkunden verst\u00e4rkt greifbar zu machen.&#8221;<\/p>\n<p>Die 8. European Bioplastics Konferenz ist die bedeutendste Veranstaltung der Biokunststoffindustrie in Europa. Sie bietet eine einzigartige Plattform, um Informationen auszutauschen und die neuesten Trends bei Entwicklung, Materialien und Produkten zu diskutieren. Die Teilnehmer der Konferenz erwartet ein optimiertes und auf ihre individuellen Bed\u00fcrfnisse und Interessen zugeschnittenes Pr\u00e4sentationsangebot, das zur aktiven Beteiligung animiert.<\/p>\n<p>Exzellente Kontaktm\u00f6glichkeiten sowie eine umfassende Produktausstellung: Die 8. European Bioplastics Konferenz wird diese Jahr zum ersten Mal auf ein spezielles Partnerschaftssystem zur\u00fcckgreifen, das es allen registrierten Teilnehmern erm\u00f6glicht, ihre Termine auf der Konferenz einfach und \u00fcbersichtlich zu organisieren. Dieser Service wird einige Monate vor der Konferenz zur Verf\u00fcgung stehen.<\/p>\n<p>2012 besuchten \u00fcber 400 Experten aus der ganzen Welt die 7. European Bioplastics Konferenz. Die gleichbleibend hohen Besucherzahlen best\u00e4tigen die Bedeutung der Veranstaltung, als f\u00fchrende, effektive Netzwerk- und Informationsb\u00f6rse.<\/p>\n<p>Die Anmeldung f\u00fcr die diesj\u00e4hrige Konferenz ist ab April 2013 m\u00f6glich. Der Call for Papers wird demn\u00e4chst ver\u00f6ffentlicht.<\/p>\n","protected":false},"excerpt":{"rendered":"<p><b>Die 8. European Bioplastics Konferenz wird am 10. und 11. Dezember 2013 im InterContinental Hotel in Berlin stattfinden, k&uuml;ndigte European Bioplastics, der Verband der europ&auml;ischen<\/b><\/p>\n","protected":false},"author":3,"featured_media":0,"comment_status":"closed","ping_status":"closed","sticky":false,"template":"","format":"standard","meta":{"_seopress_robots_primary_cat":"","nova_meta_subtitle":"","footnotes":""},"categories":[5572],"tags":[],"supplier":[435],"class_list":["post-13258","post","type-post","status-publish","format-standard","hentry","category-bio-based","supplier-european-bioplastics-ev"],"_links":{"self":[{"href":"https:\/\/renewable-carbon.eu\/news\/wp-json\/wp\/v2\/posts\/13258","targetHints":{"allow":["GET"]}}],"collection":[{"href":"https:\/\/renewable-carbon.eu\/news\/wp-json\/wp\/v2\/posts"}],"about":[{"href":"https:\/\/renewable-carbon.eu\/news\/wp-json\/wp\/v2\/types\/post"}],"author":[{"embeddable":true,"href":"https:\/\/renewable-carbon.eu\/news\/wp-json\/wp\/v2\/users\/3"}],"replies":[{"embeddable":true,"href":"https:\/\/renewable-carbon.eu\/news\/wp-json\/wp\/v2\/comments?post=13258"}],"version-history":[{"count":0,"href":"https:\/\/renewable-carbon.eu\/news\/wp-json\/wp\/v2\/posts\/13258\/revisions"}],"wp:attachment":[{"href":"https:\/\/renewable-carbon.eu\/news\/wp-json\/wp\/v2\/media?parent=13258"}],"wp:term":[{"taxonomy":"category","embeddable":true,"href":"https:\/\/renewable-carbon.eu\/news\/wp-json\/wp\/v2\/categories?post=13258"},{"taxonomy":"post_tag","embeddable":true,"href":"https:\/\/renewable-carbon.eu\/news\/wp-json\/wp\/v2\/tags?post=13258"},{"taxonomy":"supplier","embeddable":true,"href":"https:\/\/renewable-carbon.eu\/news\/wp-json\/wp\/v2\/supplier?post=13258"}],"curies":[{"name":"wp","href":"https:\/\/api.w.org\/{rel}","templated":true}]}}