{"id":13151,"date":"2012-11-12T00:00:00","date_gmt":"2012-11-11T22:00:00","guid":{"rendered":"http:\/\/www.bio-based.eu\/news\/index.php?startid=20121112-01n"},"modified":"2012-11-12T00:00:00","modified_gmt":"2012-11-11T22:00:00","slug":"biokunststoffe-und-recycling","status":"publish","type":"post","link":"https:\/\/renewable-carbon.eu\/news\/biokunststoffe-und-recycling\/","title":{"rendered":"Biokunststoffe und Recycling"},"content":{"rendered":"<p><b>&#8220;Nach wie vor gibt es keine sinnvollen Recyclingwege f\u00fcr Biokunststoffe aus privaten Haushalten.&#8221; Das ist das Fazit von bvse-Referent Dr. Thomas Probst anl\u00e4sslich der 7. European Bioplastics Konferenz. Probst, der die Podiumsdiskussion &#8220;Biokunststoffe und Recycling&#8221; geleitet hatte, machte deutlich, dass es zahlreiche begr\u00fcndete Vorbehalte der Kunststoffrecycler gegen Biokunststoffe gebe.<\/b><\/p>\n<p>In der Diskussion wurde jedoch betont, dass diese Vorbehalte sich nicht gegen einen neuen Stoffstrom richteten, sondern dagegen, dass die stofflichen Eigenschaften der Biokunststoffe die bestehenden Recyclingverfahren f\u00fcr konventionelle Kunststoffe, aber auch die Verwertung von biogenen Abf\u00e4llen, erheblich beeintr\u00e4chtigen.<\/p>\n<p>Die Podiumsrunde diskutierte diese Effekte der Biokunststoffe intensiv. Es wurde deutlich, dass es sehr problematisch ist, wenn Biokunststoffe in den &#8220;Gelben Sack&#8221; gelangen und sich mit normalen Kunststoffen vermischen. Hauptgrund hierf\u00fcr ist, dass sich die Biokunststoffe bei den vorgeschalteten Wasch- und Aufbereitungsprozessen aufl\u00f6sen und so auch noch die Materialqualit\u00e4t der herk\u00f6mmlichen Kunststoffe mindern.<\/p>\n<p>Experten wissen auch, dass Biokunststoffe die Farbe, die Barriereeigenschaften oder auch die mechanischen Eigenschaften eines recycelten petrochemischen Kunststoffs ver\u00e4ndern k\u00f6nnen. Kleine Mengen an Biokunststoffen k\u00f6nnen au\u00dferdem dazu f\u00fchren, dass die Verarbeitbarkeit von Polyethylen eingeschr\u00e4nkt wird und so beispielsweise Probleme bei der Herstellung von Folien entstehen. Eine L\u00f6sung k\u00f6nnte sein, dass die Biokunststoffe mit Zus\u00e4tzen angereichert werden, die die Biokunststoffe stabiler machen und diese negativen Effekte verhindern. Doch diese Entwicklung steht erst am Anfang.<\/p>\n<p>In Berlin war man sich daher einig, dass kein Weg daran vorbeif\u00fchrt, Biokunststoffe auszuschleusen, bevor der Recyclingprozess beginnt.<\/p>\n<p>Momentan gelte, so bvse-Referent Dr. Thomas Probst, dass Biokunststoffe keine bessere \u00d6kobilanz haben, nicht recycelbar sind, wenn sie als Verkaufsverpackung mit dem &#8220;Gelben Sack&#8221; gesammelt werden, und dar\u00fcber hinaus das herk\u00f6mmliche Kunststoffrecycling sowie die Verwertung von Bioabf\u00e4llen empfindlich st\u00f6ren. &#8220;Die bisher sinnvollste Art Biokunststoffe zu entsorgen, ist daher nach wie vor die Verbrennung&#8221;, zeigt sich Probst \u00fcberzeugt.<\/p>\n","protected":false},"excerpt":{"rendered":"<p><b>&#8220;Nach wie vor gibt es keine sinnvollen Recyclingwege f&uuml;r Biokunststoffe aus privaten Haushalten.&#8221; Das ist das Fazit von bvse-Referent Dr. Thomas Probst anl&auml;sslich der 7.<\/b><\/p>\n","protected":false},"author":3,"featured_media":0,"comment_status":"closed","ping_status":"closed","sticky":false,"template":"","format":"standard","meta":{"_seopress_robots_primary_cat":"","nova_meta_subtitle":"","footnotes":""},"categories":[5572],"tags":[],"supplier":[452],"class_list":["post-13151","post","type-post","status-publish","format-standard","hentry","category-bio-based","supplier-bvse-bundesverband-sekundaerrohstoffe-und-entsorgung-ev"],"_links":{"self":[{"href":"https:\/\/renewable-carbon.eu\/news\/wp-json\/wp\/v2\/posts\/13151","targetHints":{"allow":["GET"]}}],"collection":[{"href":"https:\/\/renewable-carbon.eu\/news\/wp-json\/wp\/v2\/posts"}],"about":[{"href":"https:\/\/renewable-carbon.eu\/news\/wp-json\/wp\/v2\/types\/post"}],"author":[{"embeddable":true,"href":"https:\/\/renewable-carbon.eu\/news\/wp-json\/wp\/v2\/users\/3"}],"replies":[{"embeddable":true,"href":"https:\/\/renewable-carbon.eu\/news\/wp-json\/wp\/v2\/comments?post=13151"}],"version-history":[{"count":0,"href":"https:\/\/renewable-carbon.eu\/news\/wp-json\/wp\/v2\/posts\/13151\/revisions"}],"wp:attachment":[{"href":"https:\/\/renewable-carbon.eu\/news\/wp-json\/wp\/v2\/media?parent=13151"}],"wp:term":[{"taxonomy":"category","embeddable":true,"href":"https:\/\/renewable-carbon.eu\/news\/wp-json\/wp\/v2\/categories?post=13151"},{"taxonomy":"post_tag","embeddable":true,"href":"https:\/\/renewable-carbon.eu\/news\/wp-json\/wp\/v2\/tags?post=13151"},{"taxonomy":"supplier","embeddable":true,"href":"https:\/\/renewable-carbon.eu\/news\/wp-json\/wp\/v2\/supplier?post=13151"}],"curies":[{"name":"wp","href":"https:\/\/api.w.org\/{rel}","templated":true}]}}