{"id":13011,"date":"2012-09-20T00:00:00","date_gmt":"2012-09-19T22:00:00","guid":{"rendered":"http:\/\/www.bio-based.eu\/news\/index.php?startid=20120920-03n"},"modified":"2012-09-20T00:00:00","modified_gmt":"2012-09-19T22:00:00","slug":"bischof-klein-nachwachsende-rohstoffe-und-recyclingmaterialien-im-test","status":"publish","type":"post","link":"https:\/\/renewable-carbon.eu\/news\/bischof-klein-nachwachsende-rohstoffe-und-recyclingmaterialien-im-test\/","title":{"rendered":"Bischof + Klein: Nachwachsende Rohstoffe und Recyclingmaterialien im Test"},"content":{"rendered":"<p><b>&#8220;Allerdings ist das Interesse im Kundenkreis am Einsatz solcher Basismaterialien aufgrund der deutlich h\u00f6heren Materialpreise noch sehr begrenzt&#8221;, erkl\u00e4rt Johannes Wedi, Leiter des Bereichs Entwicklung\/Technischer Service f\u00fcr Konsumverpackungen bei Bischof + Klein. Im Zuge der Optimierung seiner Produkte besch\u00e4ftigt sich B+K seit langem mit Verpackungen bzw. Folien aus nachwachsenden Rohstoffen. Dank guter Kontakte zu Rohstoff- und Folienlieferanten sowie der Mitarbeit beispielsweise im Arbeitskreis &#8220;Bioplastics&#8221; des Industrieverbandes Kunststoff (IK) kann das Unternehmen auf die neuesten Erkenntnisse und umfangreiche Erfahrungen in diesem Bereich zugreifen.<\/b> <\/p>\n<p>Recyclingmaterialien sind ein weiterer Entwicklungsschwerpunkt. Insbesondere im Bereich der Nonfood-Verpackungen sieht Bischof + Klein hier sinnvolle Einsatzm\u00f6glichkeiten f\u00fcr Recyclingmaterialien und eine hervorragende M\u00f6glichkeit, den Verbrauch von Rohstoffen zu reduzieren. &#8220;Wir testen solche Materialien mit verschiedenen Kunden&#8221;, berichtet Johannes Wedi. &#8220;Bei Verpackungen f\u00fcr Tissue-Produkte beispielsweise lassen sich sehr erfolgreich bis zu 30 Prozent Recyclingmaterialien einsetzen.&#8221;<\/p>\n","protected":false},"excerpt":{"rendered":"<p><b>&#8220;Allerdings ist das Interesse im Kundenkreis am Einsatz solcher Basismaterialien aufgrund der deutlich h&ouml;heren Materialpreise noch sehr begrenzt&#8221;, erkl&auml;rt Johannes Wedi, Leiter des Bereichs Entwicklung\/Technischer<\/b><\/p>\n","protected":false},"author":3,"featured_media":0,"comment_status":"closed","ping_status":"closed","sticky":false,"template":"","format":"standard","meta":{"_seopress_robots_primary_cat":"","nova_meta_subtitle":"","footnotes":""},"categories":[5572],"tags":[],"supplier":[3897],"class_list":["post-13011","post","type-post","status-publish","format-standard","hentry","category-bio-based","supplier-bischof-klein"],"_links":{"self":[{"href":"https:\/\/renewable-carbon.eu\/news\/wp-json\/wp\/v2\/posts\/13011","targetHints":{"allow":["GET"]}}],"collection":[{"href":"https:\/\/renewable-carbon.eu\/news\/wp-json\/wp\/v2\/posts"}],"about":[{"href":"https:\/\/renewable-carbon.eu\/news\/wp-json\/wp\/v2\/types\/post"}],"author":[{"embeddable":true,"href":"https:\/\/renewable-carbon.eu\/news\/wp-json\/wp\/v2\/users\/3"}],"replies":[{"embeddable":true,"href":"https:\/\/renewable-carbon.eu\/news\/wp-json\/wp\/v2\/comments?post=13011"}],"version-history":[{"count":0,"href":"https:\/\/renewable-carbon.eu\/news\/wp-json\/wp\/v2\/posts\/13011\/revisions"}],"wp:attachment":[{"href":"https:\/\/renewable-carbon.eu\/news\/wp-json\/wp\/v2\/media?parent=13011"}],"wp:term":[{"taxonomy":"category","embeddable":true,"href":"https:\/\/renewable-carbon.eu\/news\/wp-json\/wp\/v2\/categories?post=13011"},{"taxonomy":"post_tag","embeddable":true,"href":"https:\/\/renewable-carbon.eu\/news\/wp-json\/wp\/v2\/tags?post=13011"},{"taxonomy":"supplier","embeddable":true,"href":"https:\/\/renewable-carbon.eu\/news\/wp-json\/wp\/v2\/supplier?post=13011"}],"curies":[{"name":"wp","href":"https:\/\/api.w.org\/{rel}","templated":true}]}}