{"id":12926,"date":"2012-05-07T00:00:00","date_gmt":"2012-05-06T22:00:00","guid":{"rendered":"http:\/\/www.bio-based.eu\/news\/index.php?startid=20120507-02n"},"modified":"2012-05-07T00:00:00","modified_gmt":"2012-05-06T22:00:00","slug":"belieferung-mit-naturfaser","status":"publish","type":"post","link":"https:\/\/renewable-carbon.eu\/news\/belieferung-mit-naturfaser\/","title":{"rendered":"Belieferung mit Naturfaser"},"content":{"rendered":"<p><b>Naturfaserverst\u00e4rkte Kunststoffe spielen in der Automobilindustrie eine gro\u00dfe Rolle im energiesparenden Leichtbau und werden vor allem in T\u00fcrinnenverkleidungen, D\u00e4mmmaterialien und Kofferraumauskleidungen eingesetzt. Die gro\u00dfe Sorge, dass es zu Lieferengp\u00e4ssen kommen w\u00fcrde, hat sich als unbegr\u00fcndet herausgestellt.<\/b><\/p>\n<p>&#8220;Mit gro\u00dfer Erleichterung blickt die europ\u00e4ische Automobilindustrie auf die letzten Monate zur\u00fcck. Trotz einer Fehlernte bei Flachs im letzten Jahr kam es zu keinen Engp\u00e4ssen bei der Belieferung mit Naturfaser-Verbundwerkstoffen&#8221; sagt Dr. Ralph Greiner von der Daimler AG und Vorsitzender des Arbeitskreises Naturfaserverst\u00e4rkte Kunststoffe der AVK &#8211; Industrievereinigung Verst\u00e4rkte Kunststoffe e.V.<\/p>\n<p><i>&#8230; Vollst\u00e4ndiger Text: <a href=\"http:\/\/www.maschinenmarkt.vogel.de\/themenkanaele\/konstruktion\/werkstoffe\/articles\/363257\/\" >http:\/\/www.maschinenmarkt.vogel.de\/themenkanaele\/konstruktion\/werkstoffe\/articles\/363257\/<\/a><\/p>\n<p>Tags: Flachs-Fehlernte, europ\u00e4ischen Automobilindustrie<\/i><\/p>\n","protected":false},"excerpt":{"rendered":"<p><b>Naturfaserverst&auml;rkte Kunststoffe spielen in der Automobilindustrie eine gro&szlig;e Rolle im energiesparenden Leichtbau und werden vor allem in T&uuml;rinnenverkleidungen, D&auml;mmmaterialien und Kofferraumauskleidungen eingesetzt. Die gro&szlig;e Sorge,<\/b><\/p>\n","protected":false},"author":3,"featured_media":0,"comment_status":"closed","ping_status":"closed","sticky":false,"template":"","format":"standard","meta":{"_seopress_robots_primary_cat":"","nova_meta_subtitle":"","footnotes":""},"categories":[5572],"tags":[],"supplier":[21411,152],"class_list":["post-12926","post","type-post","status-publish","format-standard","hentry","category-bio-based","supplier-avk-industrievereinigung-verstarkte-kunststoffe-e-v","supplier-daimler-ag"],"_links":{"self":[{"href":"https:\/\/renewable-carbon.eu\/news\/wp-json\/wp\/v2\/posts\/12926","targetHints":{"allow":["GET"]}}],"collection":[{"href":"https:\/\/renewable-carbon.eu\/news\/wp-json\/wp\/v2\/posts"}],"about":[{"href":"https:\/\/renewable-carbon.eu\/news\/wp-json\/wp\/v2\/types\/post"}],"author":[{"embeddable":true,"href":"https:\/\/renewable-carbon.eu\/news\/wp-json\/wp\/v2\/users\/3"}],"replies":[{"embeddable":true,"href":"https:\/\/renewable-carbon.eu\/news\/wp-json\/wp\/v2\/comments?post=12926"}],"version-history":[{"count":0,"href":"https:\/\/renewable-carbon.eu\/news\/wp-json\/wp\/v2\/posts\/12926\/revisions"}],"wp:attachment":[{"href":"https:\/\/renewable-carbon.eu\/news\/wp-json\/wp\/v2\/media?parent=12926"}],"wp:term":[{"taxonomy":"category","embeddable":true,"href":"https:\/\/renewable-carbon.eu\/news\/wp-json\/wp\/v2\/categories?post=12926"},{"taxonomy":"post_tag","embeddable":true,"href":"https:\/\/renewable-carbon.eu\/news\/wp-json\/wp\/v2\/tags?post=12926"},{"taxonomy":"supplier","embeddable":true,"href":"https:\/\/renewable-carbon.eu\/news\/wp-json\/wp\/v2\/supplier?post=12926"}],"curies":[{"name":"wp","href":"https:\/\/api.w.org\/{rel}","templated":true}]}}