{"id":12918,"date":"2012-05-09T00:00:00","date_gmt":"2012-05-08T22:00:00","guid":{"rendered":"http:\/\/www.bio-based.eu\/news\/index.php?startid=20120509-01n"},"modified":"2012-05-09T00:00:00","modified_gmt":"2012-05-08T22:00:00","slug":"gruene-wollen-ausbreitung-der-mais-wuesten-bremsen","status":"publish","type":"post","link":"https:\/\/renewable-carbon.eu\/news\/gruene-wollen-ausbreitung-der-mais-wuesten-bremsen\/","title":{"rendered":"Gr\u00fcne wollen Ausbreitung der Mais-W\u00fcsten bremsen"},"content":{"rendered":"<p><b>Zur Zeit kursieren gleich mehrere Vorschl\u00e4ge um die f\u00fcr die Biogasproduktion angelegten Maismonokulturen durch \u00f6kologisch g\u00fcnstigere Ackerpflanzen zu ersetzen. Die Bundestagsfraktion B\u00fcndnis 90\/Die Gr\u00fcnen, deren damalige Landwirtschaftsminsterin K\u00fcnast Mit-Urheberin des &#8220;Biomasse-zu-Biogas-Konzepts&#8221; im EEG war, setzen auf Luzerne statt Mais, um den Anbau von &#8220;Biomasse&#8221; f\u00fcr den Boden vertr\u00e4glicher zu machen und &#8211; im Gegensatz zum Windbest\u00e4uber Mais &#8211; gleichzeitig auch wieder Insekten eine Lebensgrundlage auf den \u00c4ckern zu schaffen.<\/b><\/p>\n<p>Leguminosen wie Klee- und Luzerne seien auch deshalb eine Alternative weil sie Humus aufbauen und so weiteres Kohlendioxid aus der Atmosph\u00e4re im Boden binden. Au\u00dferdem ben\u00f6tigen sie als stickstoffbindende Pflanzen keine synthetischen Stickstoff-D\u00fcngemittel f\u00fcr deren Erzeugung viel Energie verbraucht w\u00fcrde und deren Einsatz auf dem Feld wieder Lachgas, ein weit st\u00e4rkeres Klimagas als CO<sub>2<\/sub>, freisetzt.<\/p>\n<p><i>&#8230; Vollst\u00e4ndiger Text: <a href=\"http:\/\/www.heise.de\/tp\/blogs\/2\/151960\" >http:\/\/www.heise.de\/tp\/blogs\/2\/151960<\/a><\/p>\n<p>Tags: Leguminosen, Biogasproduktion, Biomasselieferanten <\/i><\/p>\n","protected":false},"excerpt":{"rendered":"<p><b>Zur Zeit kursieren gleich mehrere Vorschl&auml;ge um die f&uuml;r die Biogasproduktion angelegten Maismonokulturen durch &ouml;kologisch g&uuml;nstigere Ackerpflanzen zu ersetzen. Die Bundestagsfraktion B&uuml;ndnis 90\/Die Gr&uuml;nen, deren<\/b><\/p>\n","protected":false},"author":3,"featured_media":0,"comment_status":"closed","ping_status":"closed","sticky":false,"template":"","format":"standard","meta":{"_seopress_robots_primary_cat":"","nova_meta_subtitle":"","footnotes":""},"categories":[5572],"tags":[],"supplier":[99,3433],"class_list":["post-12918","post","type-post","status-publish","format-standard","hentry","category-bio-based","supplier-buendnis-90die-gruenen","supplier-landesanstalt-fuer-weinbau-und-gartenbau"],"_links":{"self":[{"href":"https:\/\/renewable-carbon.eu\/news\/wp-json\/wp\/v2\/posts\/12918","targetHints":{"allow":["GET"]}}],"collection":[{"href":"https:\/\/renewable-carbon.eu\/news\/wp-json\/wp\/v2\/posts"}],"about":[{"href":"https:\/\/renewable-carbon.eu\/news\/wp-json\/wp\/v2\/types\/post"}],"author":[{"embeddable":true,"href":"https:\/\/renewable-carbon.eu\/news\/wp-json\/wp\/v2\/users\/3"}],"replies":[{"embeddable":true,"href":"https:\/\/renewable-carbon.eu\/news\/wp-json\/wp\/v2\/comments?post=12918"}],"version-history":[{"count":0,"href":"https:\/\/renewable-carbon.eu\/news\/wp-json\/wp\/v2\/posts\/12918\/revisions"}],"wp:attachment":[{"href":"https:\/\/renewable-carbon.eu\/news\/wp-json\/wp\/v2\/media?parent=12918"}],"wp:term":[{"taxonomy":"category","embeddable":true,"href":"https:\/\/renewable-carbon.eu\/news\/wp-json\/wp\/v2\/categories?post=12918"},{"taxonomy":"post_tag","embeddable":true,"href":"https:\/\/renewable-carbon.eu\/news\/wp-json\/wp\/v2\/tags?post=12918"},{"taxonomy":"supplier","embeddable":true,"href":"https:\/\/renewable-carbon.eu\/news\/wp-json\/wp\/v2\/supplier?post=12918"}],"curies":[{"name":"wp","href":"https:\/\/api.w.org\/{rel}","templated":true}]}}