{"id":12613,"date":"2011-09-22T00:00:00","date_gmt":"2011-09-21T22:00:00","guid":{"rendered":"http:\/\/www.bio-based.eu\/news\/index.php?startid=20110922-01n"},"modified":"2013-12-24T08:16:57","modified_gmt":"2013-12-24T06:16:57","slug":"biokunststoffe-ein-bedeutender-teil-der-biooekonomie-in-europa","status":"publish","type":"post","link":"https:\/\/renewable-carbon.eu\/news\/biokunststoffe-ein-bedeutender-teil-der-biooekonomie-in-europa\/","title":{"rendered":"Biokunststoffe &#8211; ein bedeutender Teil der Bio\u00f6konomie in Europa"},"content":{"rendered":"<p><b>Was kann die Biokunststoffindustrie dazu beitragen, dass die EU ihre &#8220;2020 Ziele&#8221; erreicht? Diese Frage beantwortete die Produktausstellung und Konferenz &#8220;Plastics and the Bio-Economy \u2013 The Evolution of Plastics&#8221; des Verbandes European Bioplastics. Die Veranstaltung fand am 21. und 22 September 2011 unter der Schirmherrschaft von Lambert van Nistelrooij, Mitglied des Europ\u00e4ischen Parlaments, in Br\u00fcssel statt.<\/b><\/p>\n<p>Biokunststoffe nehmen bereits heute eine wichtige Position innerhalb der Bio\u00f6konomie in Europa ein. Es sind marktreife, leistungsstarke und vielf\u00e4ltige Materialien, die den Kunststoffmarkt vorantreiben \u2013 in Richtung einer nachhaltiger lebenden Gesellschaft.<\/p>\n<p>Bei der Ausstellung am 21. September und der Konferenz am 22. September wurde deutlich, welche Vorteile Biokunststoffe f\u00fcr Europa mitbringen und welches Potential es noch zu nutzen gilt: erneuerbare Ressourcen werden eingesetzt, fossile Rohstoffe gespart, Emissionen reduziert und neue, zus\u00e4tzliche Verwertungswege genutzt. Wichtige Punkte auf dem Weg des europ\u00e4ischen Wandels hin zu einer biobasierten Wirtschaft.<\/p>\n<p>In der Er\u00f6ffnungsrede der Konferenz sprach sich Lambert van Nistelrooij f\u00fcr eine st\u00e4rkere Unterst\u00fctzung von Biokunststoffen durch die europ\u00e4ische Politik aus: &#8220;Biokunststoffe bieten viele M\u00f6glichkeiten f\u00fcr ein kluges und nachhaltiges Wachstum Europas. Es gibt bereits zahl- reiche Vorschl\u00e4ge f\u00fcr unterst\u00fctzende Ma\u00dfnahmen. Aufgabe der EU ist nun, diese zeitnah zu bewerten und umzusetzen.&#8221;<\/p>\n<p>Hieran ankn\u00fcpfend mahnte Marc Verbruggen, CEO und Pr\u00e4sident von NatureWorks, in seinem Vortrag an, dass Europa potentiell ein sehr interessanter Markt f\u00fcr alle denkbaren Biokunststoffanwendungen sei. Die EU m\u00fcsse jedoch aufpassen, dass sie als Produktionsstandort nicht den Anschluss an den weltweiten Wettbewerb verliere und entsprechend aktiv werden.<\/p>\n<p>Der voll besetzte Raum mit \u00fcber 100 Teilnehmern folgte mit reger Teilnahme den Pr\u00e4sentationen. H\u00f6hepunkte waren unter anderem die Beitr\u00e4ge des Ministeriums f\u00fcr Wirtschaft, Landwirtschaft und Innovation der Niederlande, sowie von Maive Rute, Direktorin des Generaldirektorats Forschung und Innovation der Europ\u00e4ischen Kommission.<\/p>\n<p>Andy Sweetman, Vorstandsvorsitzender von European Bioplastics zeigte sich erfreut \u00fcber den gro\u00dfen Zuspruch: &#8220;Die ausgebuchte Veranstaltung zeigt, dass Biokunststoffe ein wichtiges Thema auf EU-Ebene sind. Wir sind froh, dass wir in diesem Rahmen erfolgreich auf unsere Branche, ihre Produkte und deren Vorteile, weiter aufmerksam machen konnten.&#8221;<\/p>\n<p><b>Sprecher:<\/b><br \/>\nDirk Carrez, Gesch\u00e4ftsf\u00fchrer, Clever Consult<br \/>\nVincent Crasnier, Director Environment, Danone Groupe<br \/>\nFrancesco Degli Innocenti, Vize-Direktor Forschung und Entwicklung, Novamont<br \/>\nRobert Heger, Director Speciality Plastics, BASF<br \/>\nMinisterium f\u00fcr Wirtschaft, Landwirtschaft und Innovation der Niederlande<br \/>\nMaive Rute, Direktorin Generaldirektorat Forschung &amp; Innovation, Europ\u00e4ische Kommission<br \/>\nAndy Sweetman, Vorstandsvorsitzender, European Bioplastics<br \/>\nCees van Dongen, Director Sustainable Packaging, Coca Cola<br \/>\nLambert van Nistelrooij, Mitglied des Europ\u00e4ischen Parlaments<br \/>\nMarc Verbruggen, CEO und Pr\u00e4sident, NatureWorks<\/p>\n","protected":false},"excerpt":{"rendered":"<p><b>Was kann die Biokunststoffindustrie dazu beitragen, dass die EU ihre &#8220;2020 Ziele&#8221; erreicht? Diese Frage beantwortete die Produktausstellung und Konferenz &#8220;Plastics and the Bio-Economy &ndash;<\/b><\/p>\n","protected":false},"author":3,"featured_media":0,"comment_status":"closed","ping_status":"closed","sticky":false,"template":"","format":"standard","meta":{"_seopress_robots_primary_cat":"","nova_meta_subtitle":"","footnotes":""},"categories":[5572],"tags":[],"supplier":[75,1245,2518,435,2317,1407,103],"class_list":["post-12613","post","type-post","status-publish","format-standard","hentry","category-bio-based","supplier-basf-se","supplier-coca-cola-co","supplier-danone-gmbh","supplier-european-bioplastics-ev","supplier-european-commission","supplier-ministry-of-agriculture-nature-and-food-quality-netherlands","supplier-natureworks-llc"],"_links":{"self":[{"href":"https:\/\/renewable-carbon.eu\/news\/wp-json\/wp\/v2\/posts\/12613","targetHints":{"allow":["GET"]}}],"collection":[{"href":"https:\/\/renewable-carbon.eu\/news\/wp-json\/wp\/v2\/posts"}],"about":[{"href":"https:\/\/renewable-carbon.eu\/news\/wp-json\/wp\/v2\/types\/post"}],"author":[{"embeddable":true,"href":"https:\/\/renewable-carbon.eu\/news\/wp-json\/wp\/v2\/users\/3"}],"replies":[{"embeddable":true,"href":"https:\/\/renewable-carbon.eu\/news\/wp-json\/wp\/v2\/comments?post=12613"}],"version-history":[{"count":0,"href":"https:\/\/renewable-carbon.eu\/news\/wp-json\/wp\/v2\/posts\/12613\/revisions"}],"wp:attachment":[{"href":"https:\/\/renewable-carbon.eu\/news\/wp-json\/wp\/v2\/media?parent=12613"}],"wp:term":[{"taxonomy":"category","embeddable":true,"href":"https:\/\/renewable-carbon.eu\/news\/wp-json\/wp\/v2\/categories?post=12613"},{"taxonomy":"post_tag","embeddable":true,"href":"https:\/\/renewable-carbon.eu\/news\/wp-json\/wp\/v2\/tags?post=12613"},{"taxonomy":"supplier","embeddable":true,"href":"https:\/\/renewable-carbon.eu\/news\/wp-json\/wp\/v2\/supplier?post=12613"}],"curies":[{"name":"wp","href":"https:\/\/api.w.org\/{rel}","templated":true}]}}