{"id":125528,"date":"2023-04-19T07:14:00","date_gmt":"2023-04-19T05:14:00","guid":{"rendered":"https:\/\/renewable-carbon.eu\/news\/?p=125528"},"modified":"2023-04-19T09:47:02","modified_gmt":"2023-04-19T07:47:02","slug":"eu-verpackungsregeln-linke-koalition-will-abfallvermeidung-priorisieren","status":"publish","type":"post","link":"https:\/\/renewable-carbon.eu\/news\/eu-verpackungsregeln-linke-koalition-will-abfallvermeidung-priorisieren\/","title":{"rendered":"EU-Verpackungsregeln: Linke-Koalition will Abfallvermeidung priorisieren"},"content":{"rendered":"\n\n\n<p>Die&nbsp;<a href=\"https:\/\/ec.europa.eu\/environment\/green-growth\/waste-prevention-and-management\/index_en.htm\">EU-Abfallrahmenrichtlinie<\/a>&nbsp;definiert eine \u201eHierarchie\u201c f\u00fcr die Abfallbewirtschaftung, wobei Vermeidung und Wiederverwendung die bevorzugten Optionen sind, gefolgt von Recycling, Energier\u00fcckgewinnung und Entsorgung als letztem Mittel.<\/p>\n\n\n\n<div class=\"wp-block-image is-style-default\"><figure class=\"alignright size-full is-resized\"><img decoding=\"async\" src=\"https:\/\/renewable-carbon.eu\/news\/media\/2023\/04\/image-17.jpeg\" alt=\"\" class=\"wp-image-125530\" width=\"330\" srcset=\"https:\/\/renewable-carbon.eu\/news\/media\/2023\/04\/image-17.jpeg 768w, https:\/\/renewable-carbon.eu\/news\/media\/2023\/04\/image-17-300x169.jpeg 300w, https:\/\/renewable-carbon.eu\/news\/media\/2023\/04\/image-17-150x84.jpeg 150w, https:\/\/renewable-carbon.eu\/news\/media\/2023\/04\/image-17-400x225.jpeg 400w\" sizes=\"(max-width: 768px) 100vw, 768px\" \/><figcaption>Die EU-Abfallrahmenrichtlinie definiert eine &#8220;Hierarchie&#8221; f\u00fcr die Abfallbewirtschaftung, wobei Vermeidung und Wiederverwendung die bevorzugten Optionen sind, gefolgt von Recycling, Energier\u00fcckgewinnung und Entsorgung als letztem Mittel. <strong>\u00a9<\/strong> [<a rel=\"noreferrer noopener\" href=\"https:\/\/www.shutterstock.com\/g\/Hrytsiv+Oleksandr\" target=\"_blank\">Hrytsiv Oleksandr \/ Shutterstock<\/a>]<\/figcaption><\/figure><\/div>\n\n\n\n<p>W\u00e4hrend die EU noch \u00fcber die neue Verordnung \u00fcber Verpackungen und Verpackungsabf\u00e4lle (PPWR) debattiert, sind linke Abgeordnete entschlossen, den umweltfreundlichsten Ma\u00dfnahmen den Vorzug zu geben.<\/p>\n\n\n\n<p>\u201eVerpackungsabf\u00e4lle nehmen zu, und sie werden weiter stark ansteigen, wenn wir nicht deutlich reduzieren, wie viel davon \u00fcberhaupt produziert wird\u201c, sagte Grace O\u2019Sullivan, eine irische Europaabgeordnete, die f\u00fcr die Gr\u00fcnen im Europ\u00e4ischen Parlament an der PPWR arbeitet.<\/p>\n\n\n\n<p>\u201eDas bedeutet, dass wir vorgelagerten L\u00f6sungen den Vorrang geben m\u00fcssen, anstatt zu versuchen, das Problem nur durch nachgelagerte Ma\u00dfnahmen zu l\u00f6sen\u201c, f\u00fcgte sie hinzu.<\/p>\n\n\n\n<p>Der Vorschlag der Europ\u00e4ischen Kommission, der im November letzten Jahres vorgelegt wurde, biete \u201eeinige gute Hebel\u201c f\u00fcr die Abfallvermeidung, so die SPD-Europaabgeordnete Delara Burkhardt.<\/p>\n\n\n\n<p>Besonders die Bestimmungen zur Erh\u00f6hung der Wiederverwendung und des Wiederauff\u00fcllens, Verbote von vermeidbaren Einwegverpackungen und Designkriterien zur Vermeidung \u00fcberfl\u00fcssiger Verpackungen begr\u00fc\u00dft sie.<\/p>\n\n\n\n<p>Doch obwohl beide den Vorschlag unterst\u00fctzen, betonen sie gegen\u00fcber EURACTIV, er m\u00fcsse ehrgeiziger sein.<\/p>\n\n\n\n<p>\u201eInsgesamt ist der Vorschlag der Kommission ein guter Ausgangspunkt, aber die Ma\u00dfnahmen k\u00f6nnten und sollten weiter verst\u00e4rkt werden, wenn wir es ernst meinen mit der Bew\u00e4ltigung der Berge von Verpackungsm\u00fcll, die wir jeden Tag produzieren\u201c, sagte O\u2019Sullivan.<\/p>\n\n\n\n<p>EURACTIV nahm Kontakt zu den anderen Abgeordneten auf, die an dem Verpackungsgesetz arbeiten, erhielt aber bis zum Zeitpunkt der Ver\u00f6ffentlichung keine Antwort.<\/p>\n\n\n\n<h3 class=\"wp-block-heading\">Vorrang f\u00fcr Vermeidung und Wiederverwendung<\/h3>\n\n\n\n<p>Der EU-Verordnungsentwurf sieht Ma\u00dfnahmen zur F\u00f6rderung der Abfallvermeidung vor. Dazu geh\u00f6ren das Ziel, den Verpackungsabfall bis 2030 um 5 Prozent zu reduzieren, und das Verbot von Einwegverpackungen in Hotels und Restaurants.<\/p>\n\n\n\n<p>\u201eIch finde das sehr einfach und vern\u00fcnftig. Wir alle verwenden zu Hause abwaschbare und wiederverwendbare Tassen, Sch\u00fcsseln und Teller. Ich frage mich, warum Restaurants nicht dasselbe tun sollten\u201c, sagte Burkhardt von S&amp;D.<\/p>\n\n\n\n<p>\u201eWenn jemand fordert, bestimmte Verpackungsverbote aus der Verordnung herauszunehmen, w\u00fcrde ich gerne von diesen Leuten wissen, was ihre Alternativen sind\u201c, f\u00fcgte sie hinzu.<\/p>\n\n\n\n<p>Der Vorschlag f\u00fchrt auch Ziele f\u00fcr die Wiederverwendung ein, obwohl diese in der von der Kommission vorgelegten endg\u00fcltigen Version des Vorschlags drastisch gesunken sind, verglichen mit einem&nbsp;<a href=\"https:\/\/www.euractiv.de\/section\/energie-und-umwelt\/news\/bruessel-schwaecht-eu-recyclinggesetz-nach-industrie-aufschrei-deutlich-ab\/?_ga=2.16082934.1740533059.1681139852-778071686.1680671869\">zuvor durchgesickerten Entwurf<\/a>.<\/p>\n\n\n\n<p>Sowohl O\u2019Sullivan als auch Burkhardt wollen, dass die Wiederverwendungsziele wieder angehoben werden.<\/p>\n\n\n\n<p>\u201eBesonders im Flaschensektor sollten die Ziele f\u00fcr die Wiederverwendung h\u00f6her sein\u201c, sagte Burkardt gegen\u00fcber EURACTIV. Sie betonte, dass die Ziele eine lange \u00dcbergangszeit und Ausnahmen f\u00fcr kleine Unternehmen beinhalten, um die Umsetzung zu erleichtern.<\/p>\n\n\n\n<p>\u201eDiese Ziele sind wichtig, um den Aufbau der Infrastruktur anzusto\u00dfen, die f\u00fcr eine breitere Einf\u00fchrung und Verwendung von wiederverwendbaren Verpackungsformaten erforderlich ist\u201c, f\u00fcgte sie hinzu.<\/p>\n\n\n\n<p>Die Industrie steht den in der Verordnung enthaltenen Zielvorgaben f\u00fcr das Recycling und die Wiederverwendung jedoch skeptisch gegen\u00fcber und warnt vor m\u00f6glichen Verboten f\u00fcr diejenigen, die sie nicht einhalten.<\/p>\n\n\n\n<p>Die Getr\u00e4nkekartonindustrie warnt beispielsweise davor, dass das f\u00fcr 2035 vorgeschlagene Ziel f\u00fcr das Recycling sie der Gnade der EU-L\u00e4nder ausliefert, die zwar f\u00fcr die Sammlung zust\u00e4ndig sind, aber nicht die Konsequenzen tragen m\u00fcssen, wenn die Ziele nicht erreicht werden.<\/p>\n\n\n\n<p>\u201eWenn man nicht in gro\u00dfem Umfang recycelt, wird man [als Industrie] vom EU-Markt verbannt\u201c, sagte Annick Carpentier von der Alliance for Beverage Cartons and the Environment (ACE), einer Industriegruppe.<\/p>\n\n\n\n<p>\u201eUnd das ist ein anderes Problem\u201c, sagte sie. Sie forderte die Regierungen auf, die Sammelquote f\u00fcr Getr\u00e4nkekartons bis 2030 auf mindestens 90 Prozent zu erh\u00f6hen.<\/p>\n\n\n\n<h3 class=\"wp-block-heading\">Kosten und Nutzen der Wiederverwendung abw\u00e4gen<\/h3>\n\n\n\n<p>Francesca Stevens, die Generalsekret\u00e4rin der Verpackungsindustriegruppe Europen, verglich die Verbote mit einem \u201ePflaster auf schlecht formulierte Teile der Gesetzgebung.\u201c<\/p>\n\n\n\n<p>\u201eWir fordern die Mitgesetzgeber auf, mit der Verabschiedung solcher Beschr\u00e4nkungen zu warten, bis ihre Auswirkungen auf die menschliche Gesundheit und die Umwelt ordnungsgem\u00e4\u00df bewertet worden sind\u201c, erkl\u00e4rte sie gegen\u00fcber EURACTIV.<\/p>\n\n\n\n<p>Die Industrie warnt davor, dass eine \u00dcberbetonung der Wiederverwendung letztlich mehr Schaden f\u00fcr die Umwelt anrichten k\u00f6nnte.<\/p>\n\n\n\n<p>\u201eVerschiedene Studien zur \u00d6kobilanzierung haben gezeigt, dass Wiederverwendungsoptionen im Vergleich zu Einwegverpackungen einen gr\u00f6\u00dferen oder gleichwertigen \u00f6kologischen Fu\u00dfabdruck haben\u201c, sagte Annick Carpentier vom ACE.<\/p>\n\n\n\n<p>\u201eDaher fordern wir, dass die Wiederverwendungsziele im Hinblick auf die nachgewiesenen Umweltvorteile, aber auch unter Ber\u00fccksichtigung der Auswirkungen auf Gesundheit und Sicherheit und der Auswirkungen auf die Lebensmittelverschwendung geb\u00fchrend bewertet werden.\u201c<\/p>\n\n\n\n<p>Stevens stimmt zu, dass die Wiederverwendung zwar eine Rolle bei der F\u00f6rderung der Nachhaltigkeit von Verpackungen spielen kann, dass aber ihre potenziellen Kosten und Vorteile angemessen bewertet werden m\u00fcssen.<\/p>\n\n\n\n<p>\u201eDie Ausweitung der Wiederverwendung auf der Ebene des Gro\u00dfhandels erfordert erhebliche Investitionen in Infrastruktur und Wiederverwendungssysteme, die in der von der Europ\u00e4ischen Kommission durchgef\u00fchrten Folgenabsch\u00e4tzung grob untersch\u00e4tzt wurden\u201c, sagte sie.<\/p>\n\n\n\n<p>\u201eUm festzustellen, wann die Wiederverwendung eine bessere Umweltoption ist als die Einwegvariante, h\u00e4tten die Ziele anhand einer gr\u00fcndlichen Lebenszyklusanalyse bewertet werden m\u00fcssen, einschlie\u00dflich der Mindestanzahl von R\u00fcckl\u00e4ufen bei wiederverwendbaren Optionen\u201c, f\u00fcgte sie hinzu.<\/p>\n\n\n\n<p>Auf die Bef\u00fcrchtung hin, dass die Wiederverwendung zu einem Anstieg des Kunststoffverbrauchs oder einer Zunahme der CO2-Emissionen f\u00fchren k\u00f6nnte, sagte Burkhardt, sie vermute, dass es dabei nicht wirklich um die Umwelt, sondern eher um Gesch\u00e4ftsmodelle gehe.<\/p>\n\n\n\n<p>\u201eNat\u00fcrlich gibt es einen gewissen Widerstand gegen die innovativen Teile des Kommissionsvorschlags, wie die Wiederverwendungsziele. Sie bedrohen etablierte Gesch\u00e4ftsmodelle, die auf Wegwerfverpackungen beruhen\u201c, sagte sie.<\/p>\n\n\n\n<p>O\u2019Sullivan betonte, dass es zwar F\u00e4lle geben k\u00f6nne, in denen die Wiederverwendung keinen Sinn mache, dies aber nicht zu einer direkten Ablehnung f\u00fchren sollte.<\/p>\n\n\n\n<p>\u201eDie Frage, die wir uns stellen sollten, lautet: Wie sollten wir Wiederverwendungssysteme so einrichten, dass sie positiv zu unseren Nachhaltigkeitszielen beitragen? Doch anstatt sich konstruktiv mit dieser Frage auseinanderzusetzen, h\u00f6ren wir dogmatischen Widerstand von einigen Sektoren, die ein Interesse daran haben, den Status quo der massenhaft verwendeten Einwegverpackungen beizubehalten\u201c, sagte sie.<\/p>\n\n\n\n<p>Der Vorschlag wird derzeit vom Europ\u00e4ischen Parlament und den 27 EU-Mitgliedsstaaten er\u00f6rtert. Sowohl Burkhardt als auch O\u2019Sullivan wollen, dass er noch vor den Wahlen 2024 verabschiedet wird, um sicherzustellen, dass er schnell umgesetzt wird und das Abfallproblem in der EU in den Griff bekommt.<\/p>\n","protected":false},"excerpt":{"rendered":"<p>Die&nbsp;EU-Abfallrahmenrichtlinie&nbsp;definiert eine \u201eHierarchie\u201c f\u00fcr die Abfallbewirtschaftung, wobei Vermeidung und Wiederverwendung die bevorzugten Optionen sind, gefolgt von Recycling, Energier\u00fcckgewinnung und Entsorgung als letztem Mittel. W\u00e4hrend die EU noch \u00fcber die neue Verordnung \u00fcber Verpackungen und Verpackungsabf\u00e4lle (PPWR) debattiert, sind linke Abgeordnete entschlossen, den umweltfreundlichsten Ma\u00dfnahmen den Vorzug zu geben. \u201eVerpackungsabf\u00e4lle nehmen zu, und sie werden weiter [&#8230;]<\/p>\n","protected":false},"author":3,"featured_media":0,"comment_status":"closed","ping_status":"closed","sticky":false,"template":"","format":"standard","meta":{"_seopress_robots_primary_cat":"none","nova_meta_subtitle":"Die Priorisierung der umweltfreundlichsten Wege im Umgang mit Abfall, beginnend mit der Vermeidung und Wiederverwendung, sollte im Mittelpunkt des neuen EU-Verpackungsgesetzes stehen, fordern die zust\u00e4ndigen Europaabgeordneten","footnotes":""},"categories":[17143],"tags":[13352,22042,20514,22041,10453,13184],"supplier":[7297,2317,4514,5585],"class_list":["post-125528","post","type-post","status-publish","format-standard","hentry","category-recycling","tag-abfall","tag-abfallvermeidung","tag-abfallwirtschaft","tag-ppwr","tag-recycling","tag-verpackung","supplier-ace","supplier-european-commission","supplier-european-parliament","supplier-european-union"],"_links":{"self":[{"href":"https:\/\/renewable-carbon.eu\/news\/wp-json\/wp\/v2\/posts\/125528","targetHints":{"allow":["GET"]}}],"collection":[{"href":"https:\/\/renewable-carbon.eu\/news\/wp-json\/wp\/v2\/posts"}],"about":[{"href":"https:\/\/renewable-carbon.eu\/news\/wp-json\/wp\/v2\/types\/post"}],"author":[{"embeddable":true,"href":"https:\/\/renewable-carbon.eu\/news\/wp-json\/wp\/v2\/users\/3"}],"replies":[{"embeddable":true,"href":"https:\/\/renewable-carbon.eu\/news\/wp-json\/wp\/v2\/comments?post=125528"}],"version-history":[{"count":0,"href":"https:\/\/renewable-carbon.eu\/news\/wp-json\/wp\/v2\/posts\/125528\/revisions"}],"wp:attachment":[{"href":"https:\/\/renewable-carbon.eu\/news\/wp-json\/wp\/v2\/media?parent=125528"}],"wp:term":[{"taxonomy":"category","embeddable":true,"href":"https:\/\/renewable-carbon.eu\/news\/wp-json\/wp\/v2\/categories?post=125528"},{"taxonomy":"post_tag","embeddable":true,"href":"https:\/\/renewable-carbon.eu\/news\/wp-json\/wp\/v2\/tags?post=125528"},{"taxonomy":"supplier","embeddable":true,"href":"https:\/\/renewable-carbon.eu\/news\/wp-json\/wp\/v2\/supplier?post=125528"}],"curies":[{"name":"wp","href":"https:\/\/api.w.org\/{rel}","templated":true}]}}